{"id":207,"date":"2014-06-17T10:10:32","date_gmt":"2014-06-17T08:10:32","guid":{"rendered":""},"modified":"2024-08-15T14:43:18","modified_gmt":"2024-08-15T12:43:18","slug":"autorizacion-a-funcionarios-copa-mundial-2014","status":"publish","type":"post","link":"https:\/\/vicerrectorias.utp.edu.co\/responsabilidad-social\/autorizacion-a-funcionarios-copa-mundial-2014\/","title":{"rendered":"Autorizaci\u00f3n a funcionarios &#8211; Copa Mundial 2014"},"content":{"rendered":"\n<h2 class=\"wp-block-heading\">Autorizaci\u00f3n a funcionarios &#8211; Copa Mundial 2014<\/h2>\n\n\n\n<p><span class=\"post-content__span\"> <a rel=\"noreferrer noopener\" href=\"https:\/\/comunicaciones.utp.edu.co\/noticias\/25620\/autorizacion-a-funcionarios-copa-mundial-2014\/pdf\" target=\"_blank\"><\/a><a href=\"https:\/\/comunicaciones.utp.edu.co\/noticias\/25620\/autorizacion-a-funcionarios-copa-mundial-2014\"><\/a><\/p>\n\n\n\n<p><span class=\"post-content__span\"> A continuaci\u00f3n se comparte con la comunidad universitaria, informaci\u00f3n emitida por la Vicerrector\u00eda Adminsitrativa, relacionada con la autorizaci\u00f3n de espacios a los funcionarios para participar de la programaci\u00f3n de la Copa Mundial 2014, para lo cual se han habilitado algunos auditorios de la Universidad.&nbsp;<a href=\"https:\/\/www.utp.edu.co\/cms-utp\/data\/bin\/UTP\/web\/uploads\/media\/comunicaciones\/documentos\/Autorizacion-de-permiso-131000-00.pdf\">Ver autorizaci\u00f3n.&nbsp;<\/a><\/p>\n","protected":false},"excerpt":{"rendered":"<p>Autorizaci\u00f3n a funcionarios &#8211; Copa Mundial 2014 A continuaci\u00f3n se comparte con la comunidad universitaria, informaci\u00f3n emitida por la Vicerrector\u00eda [&hellip;]<\/p>\n","protected":false},"author":0,"featured_media":0,"comment_status":"closed","ping_status":"closed","sticky":false,"template":"","format":"standard","meta":{"footnotes":""},"categories":[3],"tags":[],"class_list":["post-207","post","type-post","status-publish","format-standard","hentry","category-noticias"],"_links":{"self":[{"href":"https:\/\/vicerrectorias.utp.edu.co\/responsabilidad-social\/wp-json\/wp\/v2\/posts\/207","targetHints":{"allow":["GET"]}}],"collection":[{"href":"https:\/\/vicerrectorias.utp.edu.co\/responsabilidad-social\/wp-json\/wp\/v2\/posts"}],"about":[{"href":"https:\/\/vicerrectorias.utp.edu.co\/responsabilidad-social\/wp-json\/wp\/v2\/types\/post"}],"replies":[{"embeddable":true,"href":"https:\/\/vicerrectorias.utp.edu.co\/responsabilidad-social\/wp-json\/wp\/v2\/comments?post=207"}],"version-history":[{"count":3,"href":"https:\/\/vicerrectorias.utp.edu.co\/responsabilidad-social\/wp-json\/wp\/v2\/posts\/207\/revisions"}],"predecessor-version":[{"id":9782,"href":"https:\/\/vicerrectorias.utp.edu.co\/responsabilidad-social\/wp-json\/wp\/v2\/posts\/207\/revisions\/9782"}],"wp:attachment":[{"href":"https:\/\/vicerrectorias.utp.edu.co\/responsabilidad-social\/wp-json\/wp\/v2\/media?parent=207"}],"wp:term":[{"taxonomy":"category","embeddable":true,"href":"https:\/\/vicerrectorias.utp.edu.co\/responsabilidad-social\/wp-json\/wp\/v2\/categories?post=207"},{"taxonomy":"post_tag","embeddable":true,"href":"https:\/\/vicerrectorias.utp.edu.co\/responsabilidad-social\/wp-json\/wp\/v2\/tags?post=207"}],"curies":[{"name":"wp","href":"https:\/\/api.w.org\/{rel}","templated":true}]}}