{"id":2051,"date":"2016-08-25T08:18:08","date_gmt":"2016-08-25T06:18:08","guid":{"rendered":""},"modified":"2024-08-15T13:42:45","modified_gmt":"2024-08-15T11:42:45","slug":"alegria-acuerdos-en-la-habana","status":"publish","type":"post","link":"https:\/\/vicerrectorias.utp.edu.co\/responsabilidad-social\/alegria-acuerdos-en-la-habana\/","title":{"rendered":"Alegr\u00eda acuerdos en La Habana"},"content":{"rendered":"\n<p><span class=\"post-content__span\"> Alegr\u00eda acuerdos en La Habana<\/p>\n\n\n\n<p><span class=\"post-content__span\"> <img decoding=\"async\" src=\"https:\/\/comunicaciones.utp.edu.co\/wp-content\/uploads\/sites\/2\/Logo-vota-si.jpg\" alt=\"Alegr\u00eda acuerdos en La Habana\"><\/p>\n\n\n\n<p><span class=\"post-content__span\"> Se comparte con la comunidad en general el texto del Dr. Oscar Arango, coordinador de la\u00a0<span>Mesa de Gobernabilidad y Paz del\u00a0<\/span><span>Sistema Universitario Estatal.\u00a0<\/span>Todo indica que ma\u00f1ana mi\u00e9rcoles 24 de agosto, luego de seis a\u00f1os, el pa\u00eds conocer\u00e1 la noticia oficial del acuerdo final obtenido entre los delegados del Gobierno Nacional y las FARC en la mesa de negociaci\u00f3n en La Habana.<\/p>\n\n\n\n<blockquote class=\"wp-block-quote is-layout-flow wp-block-quote-is-layout-flow\">\n<p><span class=\"post-content__span\"> Aprovecho para compartir con ustedes la alegr\u00eda que produce esta noticia y el profundo significado que ella tendr\u00e1 para el futuro del pa\u00eds.<\/p>\n\n\n\n<p><span class=\"post-content__span\"> Acogiendo iniciativas que ya circulan al respecto, desde la Mesa de Gobernabilidad y Paz me parece importante convocar a nuestras comunidades a participar de los eventos p\u00fablicos que se realizar\u00e1n en todas las ciudades al terminar la tarde. La idea es llevar camiseta blanca y, en lo posible, bandera de Colombia.<\/p>\n\n\n\n<p><span class=\"post-content__span\"> Con seguridad este ser\u00e1 un momento memorable en nuestras vidas.<\/p>\n\n\n\n<p><span class=\"post-content__span\"> Pero tambi\u00e9n ser\u00e1, sin duda, el inicio formal de la campa\u00f1a por el SI en el plebiscito que refrender\u00e1 los acuerdos. Por muchas razones y por muchos a\u00f1os esta ser\u00e1 la decisi\u00f3n pol\u00edtica m\u00e1s importante que los colombianos tomaremos y a ella debemos aplicarnos con gran imaginaci\u00f3n, talento y generosidad.\u00a0<\/p>\n\n\n\n<p><span class=\"post-content__span\"> Expreso mi reconocimiento, admiraci\u00f3n y respeto a todos y cada uno de los negociadores, los del Gobierno y los de las FARC. Ellos acaban de completar con \u00e9xito la agenda aprobada en 2010. Ahora nos corresponde a los ciudadanos cumplir con nuestra responsabilidad pol\u00edtica para obtener en las urnas una contundente legitimaci\u00f3n de los acuerdos y dar inicio a la implementaci\u00f3n de los mismos.<\/p>\n\n\n\n<p><span class=\"post-content__span\"> Bienvenidos los acuerdos de La Habana<\/p>\n<\/blockquote>\n","protected":false},"excerpt":{"rendered":"<p>Alegr\u00eda acuerdos en La Habana Se comparte con la comunidad en general el texto del Dr. Oscar Arango, coordinador de [&hellip;]<\/p>\n","protected":false},"author":0,"featured_media":0,"comment_status":"closed","ping_status":"closed","sticky":false,"template":"","format":"standard","meta":{"footnotes":""},"categories":[3],"tags":[],"class_list":["post-2051","post","type-post","status-publish","format-standard","hentry","category-noticias"],"_links":{"self":[{"href":"https:\/\/vicerrectorias.utp.edu.co\/responsabilidad-social\/wp-json\/wp\/v2\/posts\/2051","targetHints":{"allow":["GET"]}}],"collection":[{"href":"https:\/\/vicerrectorias.utp.edu.co\/responsabilidad-social\/wp-json\/wp\/v2\/posts"}],"about":[{"href":"https:\/\/vicerrectorias.utp.edu.co\/responsabilidad-social\/wp-json\/wp\/v2\/types\/post"}],"replies":[{"embeddable":true,"href":"https:\/\/vicerrectorias.utp.edu.co\/responsabilidad-social\/wp-json\/wp\/v2\/comments?post=2051"}],"version-history":[{"count":2,"href":"https:\/\/vicerrectorias.utp.edu.co\/responsabilidad-social\/wp-json\/wp\/v2\/posts\/2051\/revisions"}],"predecessor-version":[{"id":9424,"href":"https:\/\/vicerrectorias.utp.edu.co\/responsabilidad-social\/wp-json\/wp\/v2\/posts\/2051\/revisions\/9424"}],"wp:attachment":[{"href":"https:\/\/vicerrectorias.utp.edu.co\/responsabilidad-social\/wp-json\/wp\/v2\/media?parent=2051"}],"wp:term":[{"taxonomy":"category","embeddable":true,"href":"https:\/\/vicerrectorias.utp.edu.co\/responsabilidad-social\/wp-json\/wp\/v2\/categories?post=2051"},{"taxonomy":"post_tag","embeddable":true,"href":"https:\/\/vicerrectorias.utp.edu.co\/responsabilidad-social\/wp-json\/wp\/v2\/tags?post=2051"}],"curies":[{"name":"wp","href":"https:\/\/api.w.org\/{rel}","templated":true}]}}