{"id":2041,"date":"2016-08-24T11:40:48","date_gmt":"2016-08-24T09:40:48","guid":{"rendered":""},"modified":"2024-08-15T15:52:54","modified_gmt":"2024-08-15T13:52:54","slug":"cine-foro-utp-dialogos-sobre-los-acuerdos-de-paz","status":"publish","type":"post","link":"https:\/\/vicerrectorias.utp.edu.co\/responsabilidad-social\/cine-foro-utp-dialogos-sobre-los-acuerdos-de-paz\/","title":{"rendered":"cine foro UTP dialogos sobre los acuerdos de paz"},"content":{"rendered":"\n<p><span class=\"post-content__span\"> En el cine foro UTP dialoguemos sobre los acuerdos de paz<\/p>\n\n\n\n<p><span class=\"post-content__span\"> <span>La Universidad Tecnol\u00f3gica de Pereira, La C\u00e1tedra de la Paz UTP del Departamento de Humanidades, la Corporaci\u00f3n Eje-16 y la Escuela de Liderazgo para la Paz -SUEJE, invitan este 24 y 25 de agosto de 2016 a dialogar sobre los Acuerdos de Paz.<\/span><\/p>\n\n\n\n<p><span class=\"post-content__span\"> <strong>Agenda:<\/strong><\/p>\n\n\n\n<p><span class=\"post-content__span\"> Fecha 24 de agosto de 2016<\/p>\n\n\n\n<p><span class=\"post-content__span\"> Lugar: Auditorio Jorge Roa Mart\u00ednez \u2013Universidad Tecnol\u00f3gica de Pereira<\/p>\n\n\n\n<p><span class=\"post-content__span\"> Hora: de 4:00 p.m. a 7:00 p.m.<\/p>\n\n\n\n<p><span class=\"post-content__span\"> Entrada Libre<\/p>\n\n\n\n<p><span class=\"post-content__span\"> Inscripciones en:<\/p>\n\n\n\n<figure class=\"wp-block-embed\"><div class=\"wp-block-embed__wrapper\">\nhttps:\/\/goo.gl\/forms\/ZuuQE4KoVYkcSoHr2\n<\/div><\/figure>\n\n\n\n<p><span class=\"post-content__span\"> <strong>1.&nbsp;&nbsp;&nbsp;<\/strong><strong>Conversatorio: HABLEMOS SOBRE LOS ACUERDOS DE PAZ.<\/strong><\/p>\n\n\n\n<p><span class=\"post-content__span\"> Invitada regional:<\/p>\n\n\n\n<p><span class=\"post-content__span\"> <strong>Dra.&nbsp;Claudia Patricia Herrera<\/strong>, Coordinadora de la Escuela de Liderazgo para la paz, l\u00edder de procesos de formaci\u00f3n en la regi\u00f3n en temas de Paz y Derechos Humanos, a trav\u00e9s del Sistema Universitario del Eje Cafetero SUEJE.<\/p>\n\n\n\n<p><span class=\"post-content__span\"> Invitados externos:<\/p>\n\n\n\n<p><span class=\"post-content__span\"> <strong>Dr. Andrei G\u00f3mez-Su\u00e1rez.&nbsp;<\/strong>&nbsp;Investigador Asociado en Justicia Transicional de la Universidad de Oxford (Centro de Criminolog\u00eda) y en Procesos de Paz en la Universidad de Sussex (Centro de Estudios de Conflicto y Seguridad), es Profesor en el Instituto Alberto Merani y co-fundador de Rodeemos el Di\u00e1logo (ReD), entre otros.<\/p>\n\n\n\n<p><span class=\"post-content__span\"> <strong>Dra. Gwen Burnyeat<\/strong>. Candidata al doctorado en Antropolog\u00eda de la Universidad de Londres (UCL), e investiga sobre la historia social del proceso de paz. Es brit\u00e1nica y lleva seis a\u00f1os trabajando en Colombia; trabaj\u00f3 en el Centro Internacional para la Justicia Transicional y Brigadas Internacionales de Paz, entre otros.<\/p>\n\n\n\n<p><span class=\"post-content__span\"> 2.&nbsp;&nbsp;&nbsp;<strong>Cine&nbsp;<\/strong><strong>Foro \u00abCHOCOLATE DE PAZ\u00bb<\/strong>.<strong>&nbsp;<\/strong>Presentaci\u00f3n del documental de Gwen Burnyeat y Pablo Mej\u00eda Trujillo sobre la Comunidad de Paz de San Jos\u00e9 de Apartad\u00f3.<\/p>\n\n\n\n<p><span class=\"post-content__span\"> 3.&nbsp;&nbsp;&nbsp;<strong>TALLERES liderados por los invitados externos:<\/strong><\/p>\n\n\n\n<p><span class=\"post-content__span\"> <strong>Taller con docentes del Municipio de Pereira<\/strong>.<\/p>\n\n\n\n<p><span class=\"post-content__span\"> Fecha 24 de Agosto de 2016<\/p>\n\n\n\n<p><span class=\"post-content__span\"> Lugar: Universidad Tecnol\u00f3gica de Pereira \u2013 Sede La Julita \u2013Sala de Proyecciones<\/p>\n\n\n\n<p><span class=\"post-content__span\"> Hora: De 8:00 a.m. a 12:00 m.<\/p>\n\n\n\n<p><span class=\"post-content__span\"> <strong>Taller con docentes del Municipio de Dosquebradas<\/strong>.<\/p>\n\n\n\n<p><span class=\"post-content__span\"> Fecha 25 de Agosto de 2016<\/p>\n\n\n\n<p><span class=\"post-content__span\"> Lugar: C\u00e1mara de Comercio de Dosquebradas<\/p>\n\n\n\n<p><span class=\"post-content__span\"> Hora: De 8:00 a.m. a 12:00 m.<\/p>\n\n\n\n<p><span class=\"post-content__span\"> <strong>Taller con J\u00f3venes de las Intituciones Educativas de la Comuna CUBA<\/strong><\/p>\n\n\n\n<p><span class=\"post-content__span\"> Fecha 25 de Agosto de 2016<\/p>\n\n\n\n<p><span class=\"post-content__span\"> Hora: De 2:30 p.m. a 5:30 p.m.<\/p>\n\n\n\n<p><span class=\"post-content__span\"> <strong>Datos generales del Documental Chocolate de Paz: &nbsp;<\/strong>es un documental de Gwen Burnyeat y Pablo Mej\u00eda Trujillo sobre la Comunidad de Paz de San Jos\u00e9 de Apartad\u00f3 que retrata las experiencias de resistencia de la Comunidad de Paz de San Jos\u00e9 de Apartad\u00f3, a trav\u00e9s de un recorrido por los procesos de producci\u00f3n del chocolate org\u00e1nico. Desde la semilla hasta el producto, el cacao es el hilo narrativo que nos lleva a trav\u00e9s de historias de violencia y resiliencia en las que la Comunidad lucha por mantenerse neutral frente al conflicto armado colombiano. Esta pel\u00edcula ofrece un panorama de esperanza, una evidencia que a pesar de grandes dificultades es posible sembrar paz a trav\u00e9s de relaciones humanas y econ\u00f3micas. Nos invita a replantear nuestra relaci\u00f3n con la comida, a valorar los esfuerzos de quienes la producen, y a construir puentes entre las v\u00edctimas del conflicto armado y otros sectores de la sociedad civil global.<span><span><strong>&nbsp;<\/strong><\/span><\/span><\/p>\n\n\n\n<figure class=\"wp-block-image\"><img decoding=\"async\" src=\"https:\/\/vicerrectorias.utp.edu.co\/responsabilidad-social\/wp-content\/uploads\/sites\/12\/CONVERSATORIO.jpg\" alt=\"\"\/><\/figure>\n","protected":false},"excerpt":{"rendered":"<p>En el cine foro UTP dialoguemos sobre los acuerdos de paz La Universidad Tecnol\u00f3gica de Pereira, La C\u00e1tedra de la [&hellip;]<\/p>\n","protected":false},"author":0,"featured_media":0,"comment_status":"closed","ping_status":"closed","sticky":false,"template":"","format":"standard","meta":{"footnotes":""},"categories":[3],"tags":[],"class_list":["post-2041","post","type-post","status-publish","format-standard","hentry","category-noticias"],"_links":{"self":[{"href":"https:\/\/vicerrectorias.utp.edu.co\/responsabilidad-social\/wp-json\/wp\/v2\/posts\/2041","targetHints":{"allow":["GET"]}}],"collection":[{"href":"https:\/\/vicerrectorias.utp.edu.co\/responsabilidad-social\/wp-json\/wp\/v2\/posts"}],"about":[{"href":"https:\/\/vicerrectorias.utp.edu.co\/responsabilidad-social\/wp-json\/wp\/v2\/types\/post"}],"replies":[{"embeddable":true,"href":"https:\/\/vicerrectorias.utp.edu.co\/responsabilidad-social\/wp-json\/wp\/v2\/comments?post=2041"}],"version-history":[{"count":1,"href":"https:\/\/vicerrectorias.utp.edu.co\/responsabilidad-social\/wp-json\/wp\/v2\/posts\/2041\/revisions"}],"predecessor-version":[{"id":9425,"href":"https:\/\/vicerrectorias.utp.edu.co\/responsabilidad-social\/wp-json\/wp\/v2\/posts\/2041\/revisions\/9425"}],"wp:attachment":[{"href":"https:\/\/vicerrectorias.utp.edu.co\/responsabilidad-social\/wp-json\/wp\/v2\/media?parent=2041"}],"wp:term":[{"taxonomy":"category","embeddable":true,"href":"https:\/\/vicerrectorias.utp.edu.co\/responsabilidad-social\/wp-json\/wp\/v2\/categories?post=2041"},{"taxonomy":"post_tag","embeddable":true,"href":"https:\/\/vicerrectorias.utp.edu.co\/responsabilidad-social\/wp-json\/wp\/v2\/tags?post=2041"}],"curies":[{"name":"wp","href":"https:\/\/api.w.org\/{rel}","templated":true}]}}