{"id":204,"date":"2014-06-12T14:53:08","date_gmt":"2014-06-12T12:53:08","guid":{"rendered":""},"modified":"2024-08-15T15:53:09","modified_gmt":"2024-08-15T13:53:09","slug":"cafe-expresarte","status":"publish","type":"post","link":"https:\/\/vicerrectorias.utp.edu.co\/responsabilidad-social\/cafe-expresarte\/","title":{"rendered":"Caf\u00e9 ExpresARTE"},"content":{"rendered":"\n<figure class=\"wp-block-image\"><img decoding=\"async\" src=\"https:\/\/comunicaciones.utp.edu.co\/wp-content\/uploads\/sites\/2\/Mural-cafeexpresarte-junio-2014.jpg\" alt=\"Caf\u00e9 ExpresARTE\"\/><\/figure>\n\n\n\n<p><span class=\"post-content__span\"> Con aroma y sabor a un buen caf\u00e9, se llev\u00f3 a cabo la sexta versi\u00f3n de la actividad denominada Caf\u00e9 ExpresARTE. Por los pasillos del auditorio Jorge Roa Mart\u00ednez se apreciaron algunas muestras art\u00edsticas, tales como caricaturas, dibujos, esculturas; adem\u00e1s de la propuesta de un mural de expresi\u00f3n abierta a toda la comunidad universitaria y visitantes.<\/p>\n\n\n\n<p><span class=\"post-content__span\"> Por otro lado, al interior de dicho auditorio, todos los participantes de la actividad pudieron apreciar el ritmo del grupo \u201cImpacto Juvenil\u201d (baile del pac\u00edfico y urbana), seguido por el mensaje de reflexi\u00f3n compartido desde la obra de teatro \u201cTacto y Espacio\u201d, la danza y la sensualidad hicieron de nuevo presencia con la puesta en escena de Laura \u00c1lvarez, las letras y la poes\u00eda tambi\u00e9n hicieron parte de esta versi\u00f3n, la cual finaliz\u00f3 con la interpretaci\u00f3n musical del cantautor local Steven Arenas.<\/p>\n\n\n\n<p><span class=\"post-content__span\"> Vale la pena mencionar que dicha actividad se desarroll\u00f3 el viernes 6 de junio, en el marco del cierre para el presente semestre del Servicio Social de la Vicerrector\u00eda de Responsabilidad Social y Bienestar Universitario.<\/p>\n","protected":false},"excerpt":{"rendered":"<p>Con aroma y sabor a un buen caf\u00e9, se llev\u00f3 a cabo la sexta versi\u00f3n de la actividad denominada Caf\u00e9 [&hellip;]<\/p>\n","protected":false},"author":0,"featured_media":0,"comment_status":"closed","ping_status":"closed","sticky":false,"template":"","format":"standard","meta":{"footnotes":""},"categories":[3],"tags":[],"class_list":["post-204","post","type-post","status-publish","format-standard","hentry","category-noticias"],"_links":{"self":[{"href":"https:\/\/vicerrectorias.utp.edu.co\/responsabilidad-social\/wp-json\/wp\/v2\/posts\/204","targetHints":{"allow":["GET"]}}],"collection":[{"href":"https:\/\/vicerrectorias.utp.edu.co\/responsabilidad-social\/wp-json\/wp\/v2\/posts"}],"about":[{"href":"https:\/\/vicerrectorias.utp.edu.co\/responsabilidad-social\/wp-json\/wp\/v2\/types\/post"}],"replies":[{"embeddable":true,"href":"https:\/\/vicerrectorias.utp.edu.co\/responsabilidad-social\/wp-json\/wp\/v2\/comments?post=204"}],"version-history":[{"count":1,"href":"https:\/\/vicerrectorias.utp.edu.co\/responsabilidad-social\/wp-json\/wp\/v2\/posts\/204\/revisions"}],"predecessor-version":[{"id":9787,"href":"https:\/\/vicerrectorias.utp.edu.co\/responsabilidad-social\/wp-json\/wp\/v2\/posts\/204\/revisions\/9787"}],"wp:attachment":[{"href":"https:\/\/vicerrectorias.utp.edu.co\/responsabilidad-social\/wp-json\/wp\/v2\/media?parent=204"}],"wp:term":[{"taxonomy":"category","embeddable":true,"href":"https:\/\/vicerrectorias.utp.edu.co\/responsabilidad-social\/wp-json\/wp\/v2\/categories?post=204"},{"taxonomy":"post_tag","embeddable":true,"href":"https:\/\/vicerrectorias.utp.edu.co\/responsabilidad-social\/wp-json\/wp\/v2\/tags?post=204"}],"curies":[{"name":"wp","href":"https:\/\/api.w.org\/{rel}","templated":true}]}}