{"id":203,"date":"2014-06-11T10:44:53","date_gmt":"2014-06-11T08:44:53","guid":{"rendered":""},"modified":"2024-08-15T14:02:40","modified_gmt":"2024-08-15T12:02:40","slug":"apertura-linea-de-credito-icetex","status":"publish","type":"post","link":"https:\/\/vicerrectorias.utp.edu.co\/responsabilidad-social\/apertura-linea-de-credito-icetex\/","title":{"rendered":"APERTURA LINEA DE CREDITO ICETEX"},"content":{"rendered":"<div class=\"wp-block-image\">\n<figure class=\"aligncenter\"><img decoding=\"async\" src=\"https:\/\/vicerrectorias.utp.edu.co\/responsabilidad-social\/wp-content\/uploads\/sites\/12\/Dibujo.jpg\" alt=\"\"\/><\/figure>\n<\/div>\n\n\n<p><span class=\"post-content__span\"> Nota:<\/p>\n\n\n\n<p><span class=\"post-content__span\"> Recomendamos a los estudiantes beneficiarios del cr\u00e9dito educativo, estar <strong>AL DIA<\/strong> con las cuotas de pago obligatorias como:<strong> (PRIMA DE SEGURO <\/strong>y<strong> CUOTA EN EPOCA DE ESTUDIOS)<\/strong>, as\u00ed mismo, recordarle a los estudiantes que a partir del <strong>8 de Mayo 2014<\/strong> se realizar\u00e1 la apertura de la <strong>convocatoria 2014-2,<\/strong> la cual estar\u00e1 vigente hasta el <strong>15 de Agosto de 2014<\/strong>, para que a trav\u00e9s de nuestro portal web puedan realizar los procesos de: <strong>(INSCRIPCION CREDITOS NUEVOS, ACTUALIZACI\u00d3N DE DATOS y RENOVACI\u00d3N del CREDITO EDUCATIVO)<\/strong>.<\/p>\n","protected":false},"excerpt":{"rendered":"<p>Nota: Recomendamos a los estudiantes beneficiarios del cr\u00e9dito educativo, estar AL DIA con las cuotas de pago obligatorias como: (PRIMA [&hellip;]<\/p>\n","protected":false},"author":0,"featured_media":0,"comment_status":"closed","ping_status":"closed","sticky":false,"template":"","format":"standard","meta":{"footnotes":""},"categories":[3],"tags":[],"class_list":["post-203","post","type-post","status-publish","format-standard","hentry","category-noticias"],"_links":{"self":[{"href":"https:\/\/vicerrectorias.utp.edu.co\/responsabilidad-social\/wp-json\/wp\/v2\/posts\/203","targetHints":{"allow":["GET"]}}],"collection":[{"href":"https:\/\/vicerrectorias.utp.edu.co\/responsabilidad-social\/wp-json\/wp\/v2\/posts"}],"about":[{"href":"https:\/\/vicerrectorias.utp.edu.co\/responsabilidad-social\/wp-json\/wp\/v2\/types\/post"}],"replies":[{"embeddable":true,"href":"https:\/\/vicerrectorias.utp.edu.co\/responsabilidad-social\/wp-json\/wp\/v2\/comments?post=203"}],"version-history":[{"count":2,"href":"https:\/\/vicerrectorias.utp.edu.co\/responsabilidad-social\/wp-json\/wp\/v2\/posts\/203\/revisions"}],"predecessor-version":[{"id":9788,"href":"https:\/\/vicerrectorias.utp.edu.co\/responsabilidad-social\/wp-json\/wp\/v2\/posts\/203\/revisions\/9788"}],"wp:attachment":[{"href":"https:\/\/vicerrectorias.utp.edu.co\/responsabilidad-social\/wp-json\/wp\/v2\/media?parent=203"}],"wp:term":[{"taxonomy":"category","embeddable":true,"href":"https:\/\/vicerrectorias.utp.edu.co\/responsabilidad-social\/wp-json\/wp\/v2\/categories?post=203"},{"taxonomy":"post_tag","embeddable":true,"href":"https:\/\/vicerrectorias.utp.edu.co\/responsabilidad-social\/wp-json\/wp\/v2\/tags?post=203"}],"curies":[{"name":"wp","href":"https:\/\/api.w.org\/{rel}","templated":true}]}}