{"id":202,"date":"2014-06-10T08:26:12","date_gmt":"2014-06-10T06:26:12","guid":{"rendered":""},"modified":"2024-08-15T15:53:09","modified_gmt":"2024-08-15T13:53:09","slug":"temporada-de-conciertos","status":"publish","type":"post","link":"https:\/\/vicerrectorias.utp.edu.co\/responsabilidad-social\/temporada-de-conciertos\/","title":{"rendered":"TEMPORADA DE CONCIERTOS"},"content":{"rendered":"\n<p><span class=\"post-content__span\"> Invitamos a toda la comunidad universitaria a que participe de la temporada de conciertos.<\/p>\n\n\n\n<p><span class=\"post-content__span\"> TEMPORADA DE CONCIERTOS. FACULTAD DE BELLAS ARTES Y HUMANIDADES, ESCUELA DE MUSICA Y VICERRECTORIA DE RESPONSABILIDAD SOCIAL Y BIENESTAR UNIVERSITARIO.<\/p>\n\n\n\n<p><span class=\"post-content__span\"> Martes 10 de Junio: 6 pm &nbsp;RECITAL CUERDAS TIPICAS COLOMBIANAS<\/p>\n\n\n\n<p><span class=\"post-content__span\"> Auditorio Jorge Roa Mart\u00ednez&nbsp; UTP Director Docente Diego S\u00e1nchez.<\/p>\n\n\n\n<p><span class=\"post-content__span\"> Mi\u00e9rcoles 11 de Junio. 6&nbsp; P.m.&nbsp; Concierto ORQUESTA SINFONICA UTP&nbsp; Auditorio Jorge Roa Mart\u00ednez UTP Director Leopoldo L<\/p>\n\n\n\n<p><span class=\"post-content__span\"> Viernes 13&nbsp; de&nbsp; Junio&nbsp;&nbsp;&nbsp; 6 pm.&nbsp; Concierto Banda Sinf\u00f3nica UTP Auditorio Jorge Roa Mart\u00ednez. Director : Leopoldo L\u00f3pez Gonz\u00e1lez<\/p>\n\n\n\n<p><span class=\"post-content__span\"> Entrada libre.&nbsp;<\/p>\n","protected":false},"excerpt":{"rendered":"<p>Invitamos a toda la comunidad universitaria a que participe de la temporada de conciertos. TEMPORADA DE CONCIERTOS. FACULTAD DE BELLAS [&hellip;]<\/p>\n","protected":false},"author":0,"featured_media":0,"comment_status":"closed","ping_status":"closed","sticky":false,"template":"","format":"standard","meta":{"footnotes":""},"categories":[3],"tags":[],"class_list":["post-202","post","type-post","status-publish","format-standard","hentry","category-noticias"],"_links":{"self":[{"href":"https:\/\/vicerrectorias.utp.edu.co\/responsabilidad-social\/wp-json\/wp\/v2\/posts\/202","targetHints":{"allow":["GET"]}}],"collection":[{"href":"https:\/\/vicerrectorias.utp.edu.co\/responsabilidad-social\/wp-json\/wp\/v2\/posts"}],"about":[{"href":"https:\/\/vicerrectorias.utp.edu.co\/responsabilidad-social\/wp-json\/wp\/v2\/types\/post"}],"replies":[{"embeddable":true,"href":"https:\/\/vicerrectorias.utp.edu.co\/responsabilidad-social\/wp-json\/wp\/v2\/comments?post=202"}],"version-history":[{"count":1,"href":"https:\/\/vicerrectorias.utp.edu.co\/responsabilidad-social\/wp-json\/wp\/v2\/posts\/202\/revisions"}],"predecessor-version":[{"id":9791,"href":"https:\/\/vicerrectorias.utp.edu.co\/responsabilidad-social\/wp-json\/wp\/v2\/posts\/202\/revisions\/9791"}],"wp:attachment":[{"href":"https:\/\/vicerrectorias.utp.edu.co\/responsabilidad-social\/wp-json\/wp\/v2\/media?parent=202"}],"wp:term":[{"taxonomy":"category","embeddable":true,"href":"https:\/\/vicerrectorias.utp.edu.co\/responsabilidad-social\/wp-json\/wp\/v2\/categories?post=202"},{"taxonomy":"post_tag","embeddable":true,"href":"https:\/\/vicerrectorias.utp.edu.co\/responsabilidad-social\/wp-json\/wp\/v2\/tags?post=202"}],"curies":[{"name":"wp","href":"https:\/\/api.w.org\/{rel}","templated":true}]}}