{"id":201,"date":"2014-06-09T18:20:44","date_gmt":"2014-06-09T16:20:44","guid":{"rendered":""},"modified":"2024-08-20T09:51:05","modified_gmt":"2024-08-20T07:51:05","slug":"la-utp-en-obras-por-un-campus-integral","status":"publish","type":"post","link":"https:\/\/vicerrectorias.utp.edu.co\/responsabilidad-social\/la-utp-en-obras-por-un-campus-integral\/","title":{"rendered":"La UTP, en obras por un campus integral"},"content":{"rendered":"\n<h2 class=\"wp-block-heading\">La UTP, en obras por un campus integral<\/h2>\n\n\n\n<p><span class=\"post-content__span\"> <a rel=\"noreferrer noopener\" href=\"https:\/\/comunicaciones.utp.edu.co\/noticias\/25539\/la-utp-en-obras-por-un-campus-integral\/pdf\" target=\"_blank\"><\/a><a href=\"https:\/\/comunicaciones.utp.edu.co\/index.php\/noticias\/25539\/la-utp-en-obras-por-un-campus-integral\"><\/a><\/p>\n\n\n\n<p><span class=\"post-content__span\"> <img loading=\"lazy\" decoding=\"async\" src=\"https:\/\/comunicaciones.utp.edu.co\/wp-content\/uploads\/sites\/2\/Acceso-UTP-1.png\" alt=\"La UTP, en obras por un campus integral\" width=\"250\" height=\"139\">Se comparte con la comunidad en general, el art\u00edculo publicado en El Diario del OT\u00fan, relacionado con las obras que se realizan en la Universidad Tecnol\u00f3gica de Pereira.&nbsp;<\/p>\n\n\n\n<p><span class=\"post-content__span\"> Integraci\u00f3n, armon\u00eda,&nbsp;seguridad, accesibilidad y movilidad en el campus universitario, es la apuesta de la Universidad Tecnol\u00f3gica de Pereira para elevar la calidad de vida de la comunidad universitaria y de la ciudadan\u00eda en general.<\/p>\n\n\n\n<p><span class=\"post-content__span\"> Esta reconocida instituci\u00f3n de educaci\u00f3n superior, l\u00edder en el reto que tiene la ciudad de Pereira como territorio&nbsp;<a href=\"https:\/\/www.eldiario.com.co\/seccion\/ESPECIALES\/la-universidad-tecnol-gica-de-pereira-en-obras-por-un-campus-integral1406.html\">inteligente<\/a>, cuenta con su propio Plan de Ordenamiento Territorial del Campus, bajo el cual se proyectan y realizan obras de infraestructura, con el objetivo de crear el soporte territorial capaz de enfrentar los retos de cobertura con calidad y el desarrollo cient\u00edfico y tecnol\u00f3gico, con un campus acogedor, seguro, integrado, de alta calidad urbana y amable con el medio ambiente.<\/p>\n\n\n\n<p><span class=\"post-content__span\"> <img loading=\"lazy\" decoding=\"async\" src=\"https:\/\/comunicaciones.utp.edu.co\/wp-content\/uploads\/sites\/2\/Acceso-UTP-2.png\" alt=\"\" width=\"250\" height=\"139\">Entre los proyectos definidos en el Plan de&nbsp;<a href=\"https:\/\/www.eldiario.com.co\/seccion\/ESPECIALES\/la-universidad-tecnol-gica-de-pereira-en-obras-por-un-campus-integral1406.html\">Desarrollo<\/a>&nbsp;Institucional a ejecutar en el 2014 y 2015, est\u00e1 el de mejorar las condiciones de accesibilidad y seguridad al campus para propios y visitantes.<\/p>\n\n\n\n<p><span class=\"post-content__span\"> Desde el a\u00f1o 2008, momento en que se formul\u00f3 el Plan de Ordenamiento del Campus, la universidad aparte de evidenciar la&nbsp;<a href=\"https:\/\/www.eldiario.com.co\/seccion\/ESPECIALES\/la-universidad-tecnol-gica-de-pereira-en-obras-por-un-campus-integral1406.html\">necesidad<\/a>&nbsp;de soportar desde su infraestructura f\u00edsica el crecimiento de los programas acad\u00e9micos, de la poblaci\u00f3n universitaria y de los servicios complementarios, entre otros aspectos, defini\u00f3 la prioridad de integrar el campus universitario en su configuraci\u00f3n urbana, pues al estar impactado y fragmentado por dos v\u00edas urbanas y tener 12 porter\u00edas, presenta alto flujo peatonal y vehicular, con indiscutible riesgo de accidentes y problemas de movilidad que impactan negativamente esta zona de la ciudad.<\/p>\n\n\n\n<p><span class=\"post-content__span\"> En este sentido, el rector de la UTP, ingeniero Luis Enrique Arango Jim\u00e9nez, se refiri\u00f3 a las obras que se adelantan en la instituci\u00f3n con el objetivo de brindar bienestar a la&nbsp;<a href=\"https:\/\/www.eldiario.com.co\/seccion\/ESPECIALES\/la-universidad-tecnol-gica-de-pereira-en-obras-por-un-campus-integral1406.html\">comunidad<\/a>. \u201cEl cerramiento es un paso m\u00ednimo y b\u00e1sico para garantizar la seguridad de la comunidad universitaria y de los visitantes, todas las personas podr\u00e1n ingresar, solamente deber\u00e1n identificarse; esto no solo pasa en la UTP, esto pasa en instituciones de cualquier parte del mundo, se requiere un control de acceso y vigilancia para que la comunidad pueda tener la tranquilidad de sentirse segura dentro de la universidad, y que la sociedad en general pueda disfrutar de este campus\u201d.<\/p>\n\n\n\n<p><span class=\"post-content__span\"> Igualmente, el estudiante de Licenciatura en Comunicaci\u00f3n e Inform\u00e1tica Educativa UTP, Jorge Luis G\u00f3mez Ospina, afirm\u00f3 que: \u201caunque las porter\u00edas no han sido terminadas, considero que los cambios son para bien, que la universidad est\u00e1 progresando. Como estudiante entiendo que estos adelantos en infraestructura son elementos que tienen que ver con la seguridad y que generan sentido de pertenencia en nosotros\u201d.<\/p>\n\n\n\n<p><span class=\"post-content__span\"> Por su parte, Waldino Casta\u00f1eda Lozano, docente catedr\u00e1tico del programa de Ciencias del Deporte y la Recreaci\u00f3n UTP, manifest\u00f3: \u201cconsidero que la concepci\u00f3n de universidad abierta a la comunidad no se ve afectada con la ubicaci\u00f3n de las puertas de acceso a la planta f\u00edsica, por cuanto la instituci\u00f3n propende por garantizar la seguridad de las personas que conviven la gran mayor\u00eda del tiempo en sus instalaciones, adem\u00e1s fortalece los mecanismos y estrategias de seguridad para los bienes muebles e inmuebles ubicados dentro de los predios universitarios\u201d.<br>Finalizadas las obras, la universidad dispondr\u00e1 de un campus consolidado, al que se acceder\u00e1 a trav\u00e9s de cinco porter\u00edas, ubicadas en las siguientes zonas:<\/p>\n\n\n\n<p><span class=\"post-content__span\"> Bellas Artes: porter\u00eda de acceso vehicular y de servicios.<br>Ciencias de la Salud: porter\u00eda de acceso peatonal y vehicular, incluye la demarcaci\u00f3n de cinco parqueaderos externos para visitantes.<br>Porter\u00eda Principal: porter\u00eda de acceso peatonal y vehicular.<br>El\u00e9ctrica y Bienestar Universitario: porter\u00eda de acceso vehicular.<br>Porter\u00eda La Julita: porter\u00eda de acceso peatonal.<br>Viviana Luc\u00eda Barney Palac\u00edn, jefe encargada de la Oficina de Planeaci\u00f3n UTP, afirm\u00f3 que: \u201ca partir de los estudios realizados surgi\u00f3 la necesidad y prioridad de generar un campus acorde con el desarrollo esperado, mejorando la accesibilidad, seguridad, configuraci\u00f3n urbana, calidad del espacio p\u00fablico e integraci\u00f3n con la ciudad, entre otros aspectos, estudios para los cuales se tomaron como referencia la proyecciones de importantes universidades nacionales e internacionales\u201d.<\/p>\n\n\n\n<p><span class=\"post-content__span\"> Este proyecto es una realidad gracias a los recursos aportados por el Ministerio de Educaci\u00f3n Nacional, que otorg\u00f3 $2300 millones en el a\u00f1o 2013, para que la universidad invirtiera en infraestructura y por su parte la instituci\u00f3n ha dispuesto de los recursos para la interventor\u00eda.<br>Para el ingreso de visitantes se implementar\u00e1 un protocolo que les permita hacer uso de los diferentes servicios que la universidad presta, tales como programas de extensi\u00f3n, campos deportivos, operaci\u00f3n comercial, entre otros.<\/p>\n\n\n\n<p><span class=\"post-content__span\"> Actualmente se est\u00e1 llevando a cabo el proceso de renovaci\u00f3n del carn\u00e9 de la comunidad universitaria, el cual permitir\u00e1 adem\u00e1s de acceder a los servicios como la biblioteca, salas de c\u00f3mputo y dem\u00e1s, un acceso \u00e1gil y eficiente al campus, que a futuro se ir\u00e1 integrando con los servicios de la ciudad como territorio inteligente.<\/p>\n\n\n\n<p><span class=\"post-content__span\"> Intervenciones como esta permitir\u00e1n que proyectos como el Centro Multiprop\u00f3sito, que brindar\u00e1 escenarios deportivos, culturales y acad\u00e9micos para la comunidad universitaria y la ciudadan\u00eda, cumplan con las condiciones de seguridad, movilidad y accesibilidad, requeridas para el correcto uso de estos espacios.<\/p>\n","protected":false},"excerpt":{"rendered":"<p>La UTP, en obras por un campus integral Se comparte con la comunidad en general, el art\u00edculo publicado en El [&hellip;]<\/p>\n","protected":false},"author":0,"featured_media":0,"comment_status":"closed","ping_status":"closed","sticky":false,"template":"","format":"standard","meta":{"footnotes":""},"categories":[3],"tags":[],"class_list":["post-201","post","type-post","status-publish","format-standard","hentry","category-noticias"],"_links":{"self":[{"href":"https:\/\/vicerrectorias.utp.edu.co\/responsabilidad-social\/wp-json\/wp\/v2\/posts\/201","targetHints":{"allow":["GET"]}}],"collection":[{"href":"https:\/\/vicerrectorias.utp.edu.co\/responsabilidad-social\/wp-json\/wp\/v2\/posts"}],"about":[{"href":"https:\/\/vicerrectorias.utp.edu.co\/responsabilidad-social\/wp-json\/wp\/v2\/types\/post"}],"replies":[{"embeddable":true,"href":"https:\/\/vicerrectorias.utp.edu.co\/responsabilidad-social\/wp-json\/wp\/v2\/comments?post=201"}],"version-history":[{"count":2,"href":"https:\/\/vicerrectorias.utp.edu.co\/responsabilidad-social\/wp-json\/wp\/v2\/posts\/201\/revisions"}],"predecessor-version":[{"id":61171,"href":"https:\/\/vicerrectorias.utp.edu.co\/responsabilidad-social\/wp-json\/wp\/v2\/posts\/201\/revisions\/61171"}],"wp:attachment":[{"href":"https:\/\/vicerrectorias.utp.edu.co\/responsabilidad-social\/wp-json\/wp\/v2\/media?parent=201"}],"wp:term":[{"taxonomy":"category","embeddable":true,"href":"https:\/\/vicerrectorias.utp.edu.co\/responsabilidad-social\/wp-json\/wp\/v2\/categories?post=201"},{"taxonomy":"post_tag","embeddable":true,"href":"https:\/\/vicerrectorias.utp.edu.co\/responsabilidad-social\/wp-json\/wp\/v2\/tags?post=201"}],"curies":[{"name":"wp","href":"https:\/\/api.w.org\/{rel}","templated":true}]}}