{"id":199,"date":"2014-06-08T10:14:40","date_gmt":"2014-06-08T08:14:40","guid":{"rendered":""},"modified":"2024-08-20T16:51:06","modified_gmt":"2024-08-20T14:51:06","slug":"universitaria-estereo-celebro-su-cumpleanos-14","status":"publish","type":"post","link":"https:\/\/vicerrectorias.utp.edu.co\/responsabilidad-social\/universitaria-estereo-celebro-su-cumpleanos-14\/","title":{"rendered":"Universitaria Est\u00e9reo Celebr\u00f3 su Cumplea\u00f1os 14"},"content":{"rendered":"\n<h2 class=\"wp-block-heading\">Universitaria Est\u00e9reo Celebr\u00f3 su Cumplea\u00f1os 14<\/h2>\n\n\n\n<p><span class=\"post-content__span\"> <a rel=\"noreferrer noopener\" href=\"https:\/\/www.utp.edu.co\/actividades\/25522\/universitaria-estereo-celebro-su-cumpleanos-14\/pdf\" target=\"_blank\"><\/a><a href=\"nojavascript...print()\"><\/a><\/p>\n\n\n\n<p><span class=\"post-content__span\"> Con un exitoso Radio Show, la emisora de la Universidad Tecnol\u00f3gica de Pereira celebr\u00f3 sus 14 a\u00f1os, en los que ha transmitido cerca de 122. 640 horas al aire, m\u00e1s 17 programas de contenido, 15 transmisiones de festivales de m\u00fasica a nivel nacional, y ha participado activamente en la Red de Radio Universitaria de Colombia y Latinoam\u00e9rica, logros que la han convertido en una alternativa radial diferente con enfoque cultural y educativo.<\/p>\n\n\n\n<figure class=\"wp-block-image\"><img decoding=\"async\" src=\"https:\/\/comunicaciones.utp.edu.co\/wp-content\/uploads\/sites\/2\/10300870-10152463158668928-1224226707919485224-n.jpg\" alt=\"\"\/><\/figure>\n\n\n\n<p><span class=\"post-content__span\"> La Sonora Alkatras y Proyecto Palenque, fueron las agrupaciones que cantaron a un\u00edsono el cumplea\u00f1os de la Emisora en el auditorio Jorge Roa Mart\u00ednez.<\/p>\n\n\n\n<p><span class=\"post-content__span\"> &nbsp;\u00daltima actualizaci\u00f3n: Jueves, Junio 05, 2014 3:17 PM&nbsp;&nbsp;&nbsp;&nbsp;&nbsp;&nbsp;&nbsp;&nbsp;&nbsp;&nbsp;&nbsp;&nbsp;<\/p>\n\n\n\n<p><span class=\"post-content__span\"> <strong>Comparte<\/strong><\/p>\n","protected":false},"excerpt":{"rendered":"<p>Universitaria Est\u00e9reo Celebr\u00f3 su Cumplea\u00f1os 14 Con un exitoso Radio Show, la emisora de la Universidad Tecnol\u00f3gica de Pereira celebr\u00f3 [&hellip;]<\/p>\n","protected":false},"author":0,"featured_media":0,"comment_status":"closed","ping_status":"closed","sticky":false,"template":"","format":"standard","meta":{"footnotes":""},"categories":[3],"tags":[],"class_list":["post-199","post","type-post","status-publish","format-standard","hentry","category-noticias"],"_links":{"self":[{"href":"https:\/\/vicerrectorias.utp.edu.co\/responsabilidad-social\/wp-json\/wp\/v2\/posts\/199","targetHints":{"allow":["GET"]}}],"collection":[{"href":"https:\/\/vicerrectorias.utp.edu.co\/responsabilidad-social\/wp-json\/wp\/v2\/posts"}],"about":[{"href":"https:\/\/vicerrectorias.utp.edu.co\/responsabilidad-social\/wp-json\/wp\/v2\/types\/post"}],"replies":[{"embeddable":true,"href":"https:\/\/vicerrectorias.utp.edu.co\/responsabilidad-social\/wp-json\/wp\/v2\/comments?post=199"}],"version-history":[{"count":2,"href":"https:\/\/vicerrectorias.utp.edu.co\/responsabilidad-social\/wp-json\/wp\/v2\/posts\/199\/revisions"}],"predecessor-version":[{"id":61382,"href":"https:\/\/vicerrectorias.utp.edu.co\/responsabilidad-social\/wp-json\/wp\/v2\/posts\/199\/revisions\/61382"}],"wp:attachment":[{"href":"https:\/\/vicerrectorias.utp.edu.co\/responsabilidad-social\/wp-json\/wp\/v2\/media?parent=199"}],"wp:term":[{"taxonomy":"category","embeddable":true,"href":"https:\/\/vicerrectorias.utp.edu.co\/responsabilidad-social\/wp-json\/wp\/v2\/categories?post=199"},{"taxonomy":"post_tag","embeddable":true,"href":"https:\/\/vicerrectorias.utp.edu.co\/responsabilidad-social\/wp-json\/wp\/v2\/tags?post=199"}],"curies":[{"name":"wp","href":"https:\/\/api.w.org\/{rel}","templated":true}]}}