{"id":1941,"date":"2016-04-01T09:49:05","date_gmt":"2016-04-01T07:49:05","guid":{"rendered":""},"modified":"2024-08-15T15:52:54","modified_gmt":"2024-08-15T13:52:54","slug":"asesoria-en-las-problematicas-de-la-piel","status":"publish","type":"post","link":"https:\/\/vicerrectorias.utp.edu.co\/responsabilidad-social\/asesoria-en-las-problematicas-de-la-piel\/","title":{"rendered":"Asesor\u00eda en las problem\u00e1ticas de la piel"},"content":{"rendered":"\n<p><span class=\"post-content__span\"> <span>La direcci\u00f3n de Salud Integral de la Vicerrector\u00eda de Responsabilidad Social y Bienestar Universitario con el apoyo del&nbsp;<\/span><span>Laboratorio Medihealth&nbsp;<\/span><span>informa que, hoy 1 de abril&nbsp;se realizar\u00e1 jornada de acn\u00e9 &nbsp;partir de las &nbsp;8:00 de la ma\u00f1ana. &nbsp;Esta jornada tiene un&nbsp;cupo limitado de 30 personas y est\u00e1 dirigido a&nbsp;toda la comunidad universitaria. Las citas se pueden pedir&nbsp;en la ext. 442 .<\/span><\/p>\n","protected":false},"excerpt":{"rendered":"<p>La direcci\u00f3n de Salud Integral de la Vicerrector\u00eda de Responsabilidad Social y Bienestar Universitario con el apoyo del&nbsp;Laboratorio Medihealth&nbsp;informa que, [&hellip;]<\/p>\n","protected":false},"author":0,"featured_media":0,"comment_status":"closed","ping_status":"closed","sticky":false,"template":"","format":"standard","meta":{"footnotes":""},"categories":[3],"tags":[],"class_list":["post-1941","post","type-post","status-publish","format-standard","hentry","category-noticias"],"_links":{"self":[{"href":"https:\/\/vicerrectorias.utp.edu.co\/responsabilidad-social\/wp-json\/wp\/v2\/posts\/1941","targetHints":{"allow":["GET"]}}],"collection":[{"href":"https:\/\/vicerrectorias.utp.edu.co\/responsabilidad-social\/wp-json\/wp\/v2\/posts"}],"about":[{"href":"https:\/\/vicerrectorias.utp.edu.co\/responsabilidad-social\/wp-json\/wp\/v2\/types\/post"}],"replies":[{"embeddable":true,"href":"https:\/\/vicerrectorias.utp.edu.co\/responsabilidad-social\/wp-json\/wp\/v2\/comments?post=1941"}],"version-history":[{"count":1,"href":"https:\/\/vicerrectorias.utp.edu.co\/responsabilidad-social\/wp-json\/wp\/v2\/posts\/1941\/revisions"}],"predecessor-version":[{"id":9432,"href":"https:\/\/vicerrectorias.utp.edu.co\/responsabilidad-social\/wp-json\/wp\/v2\/posts\/1941\/revisions\/9432"}],"wp:attachment":[{"href":"https:\/\/vicerrectorias.utp.edu.co\/responsabilidad-social\/wp-json\/wp\/v2\/media?parent=1941"}],"wp:term":[{"taxonomy":"category","embeddable":true,"href":"https:\/\/vicerrectorias.utp.edu.co\/responsabilidad-social\/wp-json\/wp\/v2\/categories?post=1941"},{"taxonomy":"post_tag","embeddable":true,"href":"https:\/\/vicerrectorias.utp.edu.co\/responsabilidad-social\/wp-json\/wp\/v2\/tags?post=1941"}],"curies":[{"name":"wp","href":"https:\/\/api.w.org\/{rel}","templated":true}]}}