{"id":1931,"date":"2016-03-30T16:12:29","date_gmt":"2016-03-30T14:12:29","guid":{"rendered":""},"modified":"2024-08-15T15:52:54","modified_gmt":"2024-08-15T13:52:54","slug":"abierta-convocatoria-para-la-orquesta-sinfonica","status":"publish","type":"post","link":"https:\/\/vicerrectorias.utp.edu.co\/responsabilidad-social\/abierta-convocatoria-para-la-orquesta-sinfonica\/","title":{"rendered":"Abierta convocatoria para la Orquesta Sinf\u00f3nica"},"content":{"rendered":"\n<p><span class=\"post-content__span\"> La Universidad Tecnol\u00f3gica de Pereira a trav\u00e9s de la Vicerrector\u00eda de Responsabilidad Social y Bienestar Universitario y la Facultad de Bellas Artes y Humanidades, est\u00e1 realizando la convocatoria oficial de 22&nbsp; m\u00fasicos para la Orquesta Sinf\u00f3nica de la Universidad Tecnol\u00f3gica de Pereira, para los siguientes puestos:<\/p>\n\n\n\n<p><span class=\"post-content__span\"> <a rel=\"nofollow\" href=\"https:\/\/www.utp.edu.co\/cms-utp\/data\/bin\/UTP\/web\/uploads\/media\/comunicaciones\/documentos\/17-marzo-final-convocatoria-orquesta-sinfornica-1-1-.pdf\">Ampliar informaci\u00f3n convocatoria<\/a><\/p>\n\n\n\n<p><span class=\"post-content__span\"> <a rel=\"nofollow\" href=\"https:\/\/www.utp.edu.co\/cms-utp\/data\/bin\/UTP\/web\/uploads\/media\/comunicaciones\/documentos\/17-marzo-Final-Plantilla-inscripcion-convocatoria.pdf\">Plantilla para diligenciar<\/a><\/p>\n\n\n\n<p><span class=\"post-content__span\"> Violines: 7 puestos<\/p>\n\n\n\n<p><span class=\"post-content__span\"> Violas: 2 puestos<\/p>\n\n\n\n<p><span class=\"post-content__span\"> Violonchelos : 2 puestos<\/p>\n\n\n\n<p><span class=\"post-content__span\"> Contrabajo: 1 puesto<\/p>\n\n\n\n<p><span class=\"post-content__span\"> Oboe 1: 1 puesto<\/p>\n\n\n\n<p><span class=\"post-content__span\"> Oboe 2 tocando corno ingl\u00e9s:&nbsp; 1 puesto<\/p>\n\n\n\n<p><span class=\"post-content__span\"> Clarinetes 1 y 2: 2 puestos<\/p>\n\n\n\n<p><span class=\"post-content__span\"> Fagotes: 1 y 2: 2 puestos<\/p>\n\n\n\n<p><span class=\"post-content__span\"> Corno 2: 1 puesto<\/p>\n\n\n\n<p><span class=\"post-content__span\"> Trompeta 1: 1 puesto<\/p>\n\n\n\n<p><span class=\"post-content__span\"> Tromb\u00f3n 1: 1 puesto<\/p>\n\n\n\n<p><span class=\"post-content__span\"> Tuba: 1 puesto<\/p>\n\n\n\n<p><span class=\"post-content__span\"> Fechas: 28, 29 y 30 de marzo de 2016<\/p>\n\n\n\n<p><span class=\"post-content__span\"> Ver m\u00e1s informaci\u00f3n \u2013 archivo adjunto<\/p>\n\n\n\n<p><span class=\"post-content__span\"> se adjunta &#8211; ficha de inscripci\u00f3n<\/p>\n","protected":false},"excerpt":{"rendered":"<p>La Universidad Tecnol\u00f3gica de Pereira a trav\u00e9s de la Vicerrector\u00eda de Responsabilidad Social y Bienestar Universitario y la Facultad de [&hellip;]<\/p>\n","protected":false},"author":0,"featured_media":60054,"comment_status":"closed","ping_status":"closed","sticky":false,"template":"","format":"standard","meta":{"footnotes":""},"categories":[3],"tags":[],"class_list":["post-1931","post","type-post","status-publish","format-standard","has-post-thumbnail","hentry","category-noticias"],"_links":{"self":[{"href":"https:\/\/vicerrectorias.utp.edu.co\/responsabilidad-social\/wp-json\/wp\/v2\/posts\/1931","targetHints":{"allow":["GET"]}}],"collection":[{"href":"https:\/\/vicerrectorias.utp.edu.co\/responsabilidad-social\/wp-json\/wp\/v2\/posts"}],"about":[{"href":"https:\/\/vicerrectorias.utp.edu.co\/responsabilidad-social\/wp-json\/wp\/v2\/types\/post"}],"replies":[{"embeddable":true,"href":"https:\/\/vicerrectorias.utp.edu.co\/responsabilidad-social\/wp-json\/wp\/v2\/comments?post=1931"}],"version-history":[{"count":1,"href":"https:\/\/vicerrectorias.utp.edu.co\/responsabilidad-social\/wp-json\/wp\/v2\/posts\/1931\/revisions"}],"predecessor-version":[{"id":9433,"href":"https:\/\/vicerrectorias.utp.edu.co\/responsabilidad-social\/wp-json\/wp\/v2\/posts\/1931\/revisions\/9433"}],"wp:featuredmedia":[{"embeddable":true,"href":"https:\/\/vicerrectorias.utp.edu.co\/responsabilidad-social\/wp-json\/wp\/v2\/media\/60054"}],"wp:attachment":[{"href":"https:\/\/vicerrectorias.utp.edu.co\/responsabilidad-social\/wp-json\/wp\/v2\/media?parent=1931"}],"wp:term":[{"taxonomy":"category","embeddable":true,"href":"https:\/\/vicerrectorias.utp.edu.co\/responsabilidad-social\/wp-json\/wp\/v2\/categories?post=1931"},{"taxonomy":"post_tag","embeddable":true,"href":"https:\/\/vicerrectorias.utp.edu.co\/responsabilidad-social\/wp-json\/wp\/v2\/tags?post=1931"}],"curies":[{"name":"wp","href":"https:\/\/api.w.org\/{rel}","templated":true}]}}