{"id":1901,"date":"2015-12-14T14:30:10","date_gmt":"2015-12-14T13:30:10","guid":{"rendered":""},"modified":"2024-08-15T15:52:54","modified_gmt":"2024-08-15T13:52:54","slug":"utpitos-convoca-nuevos-aliados-en-la-ciudad","status":"publish","type":"post","link":"https:\/\/vicerrectorias.utp.edu.co\/responsabilidad-social\/utpitos-convoca-nuevos-aliados-en-la-ciudad\/","title":{"rendered":"UTPitos, convoca nuevos aliados en la ciudad"},"content":{"rendered":"\n<p><span class=\"post-content__span\"> UTPitos, convoca nuevos aliados en la ciudad<\/p>\n\n\n\n<p><span class=\"post-content__span\"> <span>Con el objetivo de socializar con industriales y personalidades de la ciudad el proyecto&nbsp;<\/span><em>Jard\u00edn Infantil UTPitos<\/em><span>, se realiz\u00f3 en la Universidad Tecnol\u00f3gica de Pereira un desayuno con empresarios, quienes conocieron de primera mano las bondades de esta iniciativa que propende por mejorar la calidad de vida de los estudiantes y sus hijos.<\/span><\/p>\n\n\n\n<p><span class=\"post-content__span\"> En el desayuno hicieron presencia representantes de importantes organizaciones, empresas y actores de ciudad, como Radi\u00f3logos Asociados, ASEUTP, Seguridad Estatal, Bancolombia, Almacenes \u00c9xito S.A, Ciudad Victoria, Club Rotario de Pereira y las Primeras Damas del Municipio y el Departamento, entre quienes se busca convocar voluntades para encontrar aliados en la cofinanciaci\u00f3n del importante proyecto social, que espera iniciar labores febrero de 2016 en coordinaci\u00f3n con el calendario acad\u00e9mico UTP.&nbsp;<\/p>\n\n\n\n<p><span class=\"post-content__span\"> Este proyecto tiene un valor aproximado de 280 millones de pesos para cubrir necesidades de adecuaciones y el funcionamiento, de este valor se ha gestionado 211 millones de pesos, entre reservas del presupuesto UTP y el premio de $11 millones obtenido por la iniciativa tras ganar el segundo puesto en la Pereirat\u00f3n.<\/p>\n\n\n\n<p><span class=\"post-content__span\"> UTPitos es un mecanismo para hacer frente a las necesidades identificadas en los j\u00f3venes que vienen con sus hijos a estudiar, por esto atender\u00e1 ni\u00f1os entre los cero y los tres a\u00f1os de edad.&nbsp; En la actualidad se han identificado 56 infantes, que en el jard\u00edn infantil podr\u00e1n disfrutar de un ambiente protector, al encontrar&nbsp; acompa\u00f1amiento de 7 profesionales y 4 practicantes de Pedagog\u00eda Infantil, una coordinadora de Ingenier\u00eda Industrial, adem\u00e1s de practicantes en Medicina.<\/p>\n\n\n\n<p><span class=\"post-content__span\"> Al evento asistieron las siguientes personalidades:<\/p>\n\n\n\n<ul class=\"wp-block-list\"><li>Se\u00f1ora Natalia Garc\u00eda Zapata, Gestora Social Universidad Tecnol\u00f3gica de Pereira<\/li><li>Diana Patricia G\u00f3mez Botero, Vicerrectora de Responsabilidad Social y Bienestar Universitario<\/li><li>Se\u00f1ora Lina Marcela Mu\u00f1eton Agudelo, esposa Alcalde Electo Juan Pablo Gallo Maya.<\/li><li>Se\u00f1ora Luz Elena Maya de Gallo, mam\u00e1 del Alcalde Electo Juan Pablo Gallo Maya.<\/li><li>Se\u00f1ora Olga Patricia Salazar Grisales, esposa Gobernador Electo Sigifredo Salazar Osorio<\/li><li>Ingeniero Jos\u00e9 Andr\u00e9s Ch\u00e1ves Osorio, Presidente Junta Directiva Asociaci\u00f3n Nacional de Egresados &#8211; ASEUTP<\/li><li>Ingeniera Leydi Diana Giraldo, Asociaci\u00f3n Nacional de Egresados &#8211; ASEUTP<\/li><li>Doctor Francisco Javier S\u00e1nchez Montoya, Gerente Radi\u00f3logos Asociados<\/li><li>Doctor Carlos Arturo Valencia Giraldo, Presidente Junta Directiva Seguridad Estatal<\/li><li>Doctor Javier Montoya Zapata, Socio Seguridad Estatal<\/li><li>Doctora Yanidca Barrios, Gerente Comercial Banca Empresas y Gobierno Bancolombia<\/li><li>Doctor Giovanny P\u00e9rez Vallecilla, Gerente Almacenes \u00c9xito S.A. Ciudad Victoria<\/li><li>Didier Garz\u00f3n, Presidente Club Rotario de Pereira<\/li><li>Argenis Osorio, Asociada Club Rotario de Pereira<\/li><li>Luz Fanny Vallejo, Asociada Club Rotario de Pereira<\/li><li>Jorge Enrique Montejo, Asociada Club Rotario de Pereira<\/li><li>Yadira Fl\u00f3rez P\u00e9rez, Asociada Club Rotario de Pereira<\/li><li>Reverendo Padre Nelson Giraldo Mej\u00eda, Capell\u00e1n Universidad Tecnol\u00f3gica de Pereira<\/li><li>Luz Amparo Orozco Amaya, Trabajadora Social Gesti\u00f3n Social Vicerrector\u00eda de Responsabilidad Social y Bienestar Universitario<\/li><li>Waldino Casta\u00f1eda Lozano, L\u00edder Formaci\u00f3n para la Vida Vicerrector\u00eda de Responsabilidad Social y Bienestar Universitario<\/li><li>Luis Alberto Rojas Franco, L\u00edder Promoci\u00f3n de la Salud Integral Vicerrector\u00eda de Responsabilidad Social y Bienestar Universitario<\/li><\/ul>\n","protected":false},"excerpt":{"rendered":"<p>UTPitos, convoca nuevos aliados en la ciudad Con el objetivo de socializar con industriales y personalidades de la ciudad el [&hellip;]<\/p>\n","protected":false},"author":0,"featured_media":0,"comment_status":"closed","ping_status":"closed","sticky":false,"template":"","format":"standard","meta":{"footnotes":""},"categories":[3],"tags":[],"class_list":["post-1901","post","type-post","status-publish","format-standard","hentry","category-noticias"],"_links":{"self":[{"href":"https:\/\/vicerrectorias.utp.edu.co\/responsabilidad-social\/wp-json\/wp\/v2\/posts\/1901","targetHints":{"allow":["GET"]}}],"collection":[{"href":"https:\/\/vicerrectorias.utp.edu.co\/responsabilidad-social\/wp-json\/wp\/v2\/posts"}],"about":[{"href":"https:\/\/vicerrectorias.utp.edu.co\/responsabilidad-social\/wp-json\/wp\/v2\/types\/post"}],"replies":[{"embeddable":true,"href":"https:\/\/vicerrectorias.utp.edu.co\/responsabilidad-social\/wp-json\/wp\/v2\/comments?post=1901"}],"version-history":[{"count":1,"href":"https:\/\/vicerrectorias.utp.edu.co\/responsabilidad-social\/wp-json\/wp\/v2\/posts\/1901\/revisions"}],"predecessor-version":[{"id":9435,"href":"https:\/\/vicerrectorias.utp.edu.co\/responsabilidad-social\/wp-json\/wp\/v2\/posts\/1901\/revisions\/9435"}],"wp:attachment":[{"href":"https:\/\/vicerrectorias.utp.edu.co\/responsabilidad-social\/wp-json\/wp\/v2\/media?parent=1901"}],"wp:term":[{"taxonomy":"category","embeddable":true,"href":"https:\/\/vicerrectorias.utp.edu.co\/responsabilidad-social\/wp-json\/wp\/v2\/categories?post=1901"},{"taxonomy":"post_tag","embeddable":true,"href":"https:\/\/vicerrectorias.utp.edu.co\/responsabilidad-social\/wp-json\/wp\/v2\/tags?post=1901"}],"curies":[{"name":"wp","href":"https:\/\/api.w.org\/{rel}","templated":true}]}}