{"id":1891,"date":"2015-11-19T17:25:24","date_gmt":"2015-11-19T16:25:24","guid":{"rendered":""},"modified":"2024-08-15T15:52:54","modified_gmt":"2024-08-15T13:52:54","slug":"fechas-para-solicitud-de-apoyos-vrsybu","status":"publish","type":"post","link":"https:\/\/vicerrectorias.utp.edu.co\/responsabilidad-social\/fechas-para-solicitud-de-apoyos-vrsybu\/","title":{"rendered":"Fechas para solicitud de apoyos VRSYBU"},"content":{"rendered":"\n<p><span class=\"post-content__span\"> Fechas para solicitud de apoyos VRSYBU<\/p>\n\n\n\n<p><span class=\"post-content__span\"> <img decoding=\"async\" alt=\"Fechas para solicitud de apoyos VRSYBU   \" src=\"https:\/\/comunicaciones.utp.edu.co\/wp-content\/uploads\/sites\/2\/Logo-Vicerrectoria-de-Responsabildad-.jpg\">La Vicerrector\u00eda de Responsabilidad Social y Bienestar Universitario informa a la comunidad universitaria que del &nbsp;17 de noviembre al 5 de Diciembre 2015&nbsp; se habilitar\u00e1 el sistema para la solicitud de los siguientes apoyos: Transporte, Alimento, Monitoria Social, reliquidaci\u00f3n de matr\u00edcula y matricula.<\/p>\n\n\n\n<p><span class=\"post-content__span\"> <a rel=\"nofollow\" href=\"https:\/\/www.utp.edu.co\/cms-utp\/data\/bin\/UTP\/web\/uploads\/media\/comunicaciones\/documentos\/19-noviembre-solicitudes-de-apoyos-socioeconomico-20165-2.pdf\">Conozca el proceso para su solicitud.&nbsp;<\/a><\/p>\n\n\n\n<p><span class=\"post-content__span\"> Exceptuando el apoyo de matr\u00edcula, que tendr\u00e1 como fecha de cierre el 28 de noviembre, puesto que su respuesta se realizar con anterioridad.&nbsp;<\/p>\n","protected":false},"excerpt":{"rendered":"<p>Fechas para solicitud de apoyos VRSYBU La Vicerrector\u00eda de Responsabilidad Social y Bienestar Universitario informa a la comunidad universitaria que [&hellip;]<\/p>\n","protected":false},"author":0,"featured_media":0,"comment_status":"closed","ping_status":"closed","sticky":false,"template":"","format":"standard","meta":{"footnotes":""},"categories":[3],"tags":[],"class_list":["post-1891","post","type-post","status-publish","format-standard","hentry","category-noticias"],"_links":{"self":[{"href":"https:\/\/vicerrectorias.utp.edu.co\/responsabilidad-social\/wp-json\/wp\/v2\/posts\/1891","targetHints":{"allow":["GET"]}}],"collection":[{"href":"https:\/\/vicerrectorias.utp.edu.co\/responsabilidad-social\/wp-json\/wp\/v2\/posts"}],"about":[{"href":"https:\/\/vicerrectorias.utp.edu.co\/responsabilidad-social\/wp-json\/wp\/v2\/types\/post"}],"replies":[{"embeddable":true,"href":"https:\/\/vicerrectorias.utp.edu.co\/responsabilidad-social\/wp-json\/wp\/v2\/comments?post=1891"}],"version-history":[{"count":1,"href":"https:\/\/vicerrectorias.utp.edu.co\/responsabilidad-social\/wp-json\/wp\/v2\/posts\/1891\/revisions"}],"predecessor-version":[{"id":9436,"href":"https:\/\/vicerrectorias.utp.edu.co\/responsabilidad-social\/wp-json\/wp\/v2\/posts\/1891\/revisions\/9436"}],"wp:attachment":[{"href":"https:\/\/vicerrectorias.utp.edu.co\/responsabilidad-social\/wp-json\/wp\/v2\/media?parent=1891"}],"wp:term":[{"taxonomy":"category","embeddable":true,"href":"https:\/\/vicerrectorias.utp.edu.co\/responsabilidad-social\/wp-json\/wp\/v2\/categories?post=1891"},{"taxonomy":"post_tag","embeddable":true,"href":"https:\/\/vicerrectorias.utp.edu.co\/responsabilidad-social\/wp-json\/wp\/v2\/tags?post=1891"}],"curies":[{"name":"wp","href":"https:\/\/api.w.org\/{rel}","templated":true}]}}