{"id":1871,"date":"2015-11-17T08:19:47","date_gmt":"2015-11-17T07:19:47","guid":{"rendered":""},"modified":"2024-08-15T15:52:55","modified_gmt":"2024-08-15T13:52:55","slug":"pilo-admitido-en-la-utp","status":"publish","type":"post","link":"https:\/\/vicerrectorias.utp.edu.co\/responsabilidad-social\/pilo-admitido-en-la-utp\/","title":{"rendered":"Pilo Admitido en la UTP"},"content":{"rendered":"\n<p><span class=\"post-content__span\"> Pilo Admitido en la UTP, ten en cuenta:<\/p>\n\n\n\n<p><span class=\"post-content__span\"> La siguiente informaci\u00f3n te permitir\u00e1 hacer parte de la Familia UTP y del Programa Ser Pilo Paga 2.0.<\/p>\n\n\n\n<p><span class=\"post-content__span\"> Proceso de Admisi\u00f3n en la UTP:<\/p>\n\n\n\n<ol class=\"wp-block-list\"><li>Debes consultar si eres admitido en uno de los programas acad\u00e9micos de la UTP en el siguiente enlace, indicando el n\u00famero del documento de identidad y el n\u00famero del PIN<\/li><\/ol>\n\n\n\n<figure class=\"wp-block-embed\"><div class=\"wp-block-embed__wrapper\">\nhttps:\/\/app4.utp.edu.co\/MatAcad\/inscripcionesNew\/estadoAdm.php\n<\/div><\/figure>\n\n\n\n<ol class=\"wp-block-list\"><li><strong>2.&nbsp;&nbsp;&nbsp;&nbsp;<\/strong>En caso de ser admitido o estar en lista de espera, debes ingresar tu documentaci\u00f3n en el siguiente enlace,&nbsp;<strong>desde el 14 hasta el 20 de noviembre<\/strong><\/li><\/ol>\n\n\n\n<figure class=\"wp-block-embed\"><div class=\"wp-block-embed__wrapper\">\nhttps:\/\/app4.utp.edu.co\/MatAcad\/inscripcionesNew\/estadoAdmDig.php\n<\/div><\/figure>\n\n\n\n<ol class=\"wp-block-list\"><li>Debes tener toda la documentaci\u00f3n antes de empezar con el proceso de carga de los mismos. La documentaci\u00f3n que requieres es la siguiente:<\/li><\/ol>\n\n\n\n<ul class=\"wp-block-list\"><li>Foto reciente, fondo blanco, en formato \u201c.jpg\u201d<\/li><li>Documento de identidad, escaneado al 150% en formato \u201c.jpg\u201d o \u201c.pdf\u201d. Ambas caras en la misma hoja<\/li><li>Acta de grado escaneada en formato \u201c.jpg\u201d o \u201c.pdf\u201d en tama\u00f1o carta u oficio.<\/li><\/ul>\n\n\n\n<p><span class=\"post-content__span\"> Si no te has graduado, certificado que indique la fecha de graduaci\u00f3n escaneado en formato \u201c.jpg\u201d o \u201c.pdf\u201d&nbsp; (este tiene validez hasta dos d\u00edas despu\u00e9s de la ceremonia de graduaci\u00f3n)<\/p>\n\n\n\n<ul class=\"wp-block-list\"><li>Aval de R\u00e9gimen Especial escaneado en formato \u201c.jpg\u201d o \u201c.pdf\u201d (Minor\u00eda \u00c9tnica, Comunidad Ind\u00edgena, Desplazados, Reinsertados, Deportista de Alto Rendimiento) S\u00f3lo si haces parte de alguna de estas poblaciones<\/li><li>Certificado electoral del 25 de Octubre escaneado en formato \u201c.jpg\u201d o \u201c.pdf\u201d&nbsp; Solo si eres mayor de edad<\/li><li>Factura de los Servicios P\u00fablicos de la direcci\u00f3n registrada en la inscripci\u00f3n correspondiente al mes anterior, escaneada en formato \u201c.jpg\u201d o \u201c.pdf\u201d<\/li><li>Constancia del colegio con el valor de la pensi\u00f3n mensual escaneado en formato \u201c.jpg\u201d o \u201c.pdf\u201d. En caso de no contar con \u00e9sta constancia, puedas ingresar nuevamente el Acta de Grado<\/li><li>Declaraci\u00f3n de Renta o Certificados de Ingresos correspondientes al a\u00f1o inmediatamente anterior, escaneado en formato \u201c.jpg\u201d o \u201c.pdf\u201d<\/li><li>Esquema de vacunaci\u00f3n o Acta de Exclusi\u00f3n, escaneado en formato \u201c.jpg\u201d o \u201c.pdf\u201d. El Acta de Exclusi\u00f3n puede descargarse desde el siguiente link<\/li><\/ul>\n\n\n\n<figure class=\"wp-block-embed\"><div class=\"wp-block-embed__wrapper\">\nhttps:\/\/www.utp.edu.co\/cms-utp\/data\/bin\/UTP\/web\/uploads\/media\/registro\/documentos\/actaExclusion.pdf\n<\/div><\/figure>\n\n\n\n<ul class=\"wp-block-list\"><li>Certificado de afiliaci\u00f3n a EPS o copia del carnet de afiliaci\u00f3n, escaneado en formato \u201c.jpg\u201d o \u201c.pdf\u201d.<\/li><\/ul>\n\n\n\n<p><span class=\"post-content__span\"> Proceso de Legalizaci\u00f3n del Cr\u00e9dito Condonable:<\/p>\n\n\n\n<p><span class=\"post-content__span\"> Inmediatamente te des cuenta que fuiste admitido en la UTP, debes empezar el proceso de legalizaci\u00f3n del Cr\u00e9dito Condonable con el Icetex, de la siguiente manera:<\/p>\n\n\n\n<ol class=\"wp-block-list\"><li>Diligenciar el Formulario de Solicitud del Cr\u00e9dito, con el n\u00famero de documento y el n\u00famero de registro del Icfes, por medio del siguiente enlace<\/li><\/ol>\n\n\n\n<figure class=\"wp-block-embed\"><div class=\"wp-block-embed__wrapper\">\nhttps:\/\/www.icetex.gov.co\/dnnpro5\/es-co\/cr%C3%A9ditoeducativo\/pregrado\/serpilopaga2.aspx\n<\/div><\/figure>\n\n\n\n<ol class=\"wp-block-list\"><li>Ten en cuenta que este Formulario de Solicitud estar\u00e1 habilitado hasta el&nbsp;<strong>14 de Diciembre&nbsp;<\/strong>y es indispensable para ingresar al Programa Ser Pilo Paga 2.0<\/li><\/ol>\n\n\n\n<ol class=\"wp-block-list\"><li>El Icetex tendr\u00e1 dos Comit\u00e9s de Adjudicaci\u00f3n de los Cr\u00e9ditos, por lo que se habilitar\u00e1n dos fechas para la entrega de la documentaci\u00f3n ante la Oficina del Icetex ubicada en la Universidad Tecnol\u00f3gica de Pereira, debes estar atento en cu\u00e1l de las fechas te corresponde traer tus documentos:<\/li><\/ol>\n\n\n\n<ul class=\"wp-block-list\"><li>Fechas de entrega de documentaci\u00f3n al Icetex:<\/li><\/ul>\n\n\n\n<p><span class=\"post-content__span\"> <strong>7 de Diciembre<\/strong><\/p>\n\n\n\n<p><span class=\"post-content__span\"> <strong>21 de Diciembre<\/strong><\/p>\n\n\n\n<p><span class=\"post-content__span\"> Debes tener en cuenta que estos documentos se deben&nbsp;<span>entregar en f\u00edsico y personalmente<\/span><\/p>\n\n\n\n<ol class=\"wp-block-list\"><li>Los documentos que debes traer son los siguientes:<\/li><\/ol>\n\n\n\n<ul class=\"wp-block-list\"><li>Formulario de Solicitud del Cr\u00e9dito impreso<\/li><li>Copia de la Prueba SABER 11<\/li><li>Copia del documento de Identidad<\/li><\/ul>\n\n\n\n<ol class=\"wp-block-list\"><li>Si eres menor de edad, debes traer la fotocopia del documento de identidad de uno de tus padres y acercarte a entregar los documentos con \u00e9l<\/li><\/ol>\n\n\n\n<p><span class=\"post-content__span\"> Recuerda estar atento a tu correo electr\u00f3nico, tu tel\u00e9fono, a la p\u00e1gina y las diferentes redes sociales de la Universidad<\/p>\n\n\n\n<p><span class=\"post-content__span\"> Si tienes alguna duda puedes acercarte a la Oficina 9 Edificio 2 de la Vicerrector\u00eda de Responsabilidad Social y Bienestar Universitario, escribirnos al correo&nbsp;<a href=\"mailto:pilopaga2.0@utp.edu.co\">pilopaga2.0@utp.edu.co<\/a>&nbsp;o comunicarte al 3137275<\/p>\n\n\n\n<p><span class=\"post-content__span\"> Ahora ya eres parte de la Familia UTP!!! Bienvenido<\/p>\n","protected":false},"excerpt":{"rendered":"<p>Pilo Admitido en la UTP, ten en cuenta: La siguiente informaci\u00f3n te permitir\u00e1 hacer parte de la Familia UTP y [&hellip;]<\/p>\n","protected":false},"author":0,"featured_media":0,"comment_status":"closed","ping_status":"closed","sticky":false,"template":"","format":"standard","meta":{"footnotes":""},"categories":[3],"tags":[],"class_list":["post-1871","post","type-post","status-publish","format-standard","hentry","category-noticias"],"_links":{"self":[{"href":"https:\/\/vicerrectorias.utp.edu.co\/responsabilidad-social\/wp-json\/wp\/v2\/posts\/1871","targetHints":{"allow":["GET"]}}],"collection":[{"href":"https:\/\/vicerrectorias.utp.edu.co\/responsabilidad-social\/wp-json\/wp\/v2\/posts"}],"about":[{"href":"https:\/\/vicerrectorias.utp.edu.co\/responsabilidad-social\/wp-json\/wp\/v2\/types\/post"}],"replies":[{"embeddable":true,"href":"https:\/\/vicerrectorias.utp.edu.co\/responsabilidad-social\/wp-json\/wp\/v2\/comments?post=1871"}],"version-history":[{"count":1,"href":"https:\/\/vicerrectorias.utp.edu.co\/responsabilidad-social\/wp-json\/wp\/v2\/posts\/1871\/revisions"}],"predecessor-version":[{"id":9438,"href":"https:\/\/vicerrectorias.utp.edu.co\/responsabilidad-social\/wp-json\/wp\/v2\/posts\/1871\/revisions\/9438"}],"wp:attachment":[{"href":"https:\/\/vicerrectorias.utp.edu.co\/responsabilidad-social\/wp-json\/wp\/v2\/media?parent=1871"}],"wp:term":[{"taxonomy":"category","embeddable":true,"href":"https:\/\/vicerrectorias.utp.edu.co\/responsabilidad-social\/wp-json\/wp\/v2\/categories?post=1871"},{"taxonomy":"post_tag","embeddable":true,"href":"https:\/\/vicerrectorias.utp.edu.co\/responsabilidad-social\/wp-json\/wp\/v2\/tags?post=1871"}],"curies":[{"name":"wp","href":"https:\/\/api.w.org\/{rel}","templated":true}]}}