{"id":1861,"date":"2016-05-10T14:27:00","date_gmt":"2016-05-10T12:27:00","guid":{"rendered":""},"modified":"2024-08-15T15:52:54","modified_gmt":"2024-08-15T13:52:54","slug":"buscando-los-talentosos","status":"publish","type":"post","link":"https:\/\/vicerrectorias.utp.edu.co\/responsabilidad-social\/buscando-los-talentosos\/","title":{"rendered":"Buscando los talentosos"},"content":{"rendered":"\n<p><span class=\"post-content__span\"> <strong>#BUSCANDOLOSTALENTOSOS<\/strong><\/p>\n\n\n\n<p><span class=\"post-content__span\"> <span>Gala de cierre del festival Talento UTP, en la cual se exaltar\u00e1n 22&nbsp;estudiantes talento de pregrado. 6 deportistas, 6 artistas, 9&nbsp;estudiantes en la parte acad\u00e9mica (1 por cada facultad) y 1 estudiante exaltado en proyectos con enfoque social. La intenci\u00f3n es realizar un acto de reconocimiento y exaltaci\u00f3n&nbsp;por parte del comit\u00e9 organizador,&nbsp;a la labor desempe\u00f1ada y el camino recorrido,&nbsp;mediante acto p\u00fablico y oficial&nbsp;de&nbsp;la&nbsp;universidad.<\/span><\/p>\n\n\n\n<p><span class=\"post-content__span\"> <span>Ser\u00e1 una postulaci\u00f3n libre de estudiantes de pregrado, donde el primer filtro ser\u00e1 realizado por integrantes del comit\u00e9 organizador que verificar\u00e1n el cumplimiento de los requisitos de postulaci\u00f3n, una vez realizado, pasar\u00e1 a un segundo filtro en manos de un jurado externo a la universidad, los cuales revisar\u00e1n las hojas de vida y documentos adjuntos,&nbsp;seleccionando as\u00ed&nbsp;los estudiantes talento ganadores. Los jurados y estudiantes talento ganadores, ser\u00e1n revelados durante&nbsp;la gala de exaltaci\u00f3n.<\/span><\/p>\n\n\n\n<p><span class=\"post-content__span\"> <span><strong>Condiciones generales de postulaci\u00f3n:&nbsp;<\/strong><\/span><\/p>\n\n\n\n<ol class=\"wp-block-list\"><li><span>Estar matriculado en el actual periodo (2016-I) en uno de los programas de pregrado de la Universidad Tecnol\u00f3gica de Pereira.<\/span><\/li><li><span>Ser estudiante activo de la universidad.<\/span><\/li><li><span>Tener un promedio de carrera mayor o igual a (3,3).<\/span><\/li><li><span>Las postulaciones deben ser individuales.<\/span><\/li><li><span>Poseer y demostrar talento seg\u00fan los criterios establecidos por el comit\u00e9 organizador del Festival Talento UTP, en alguna o algunas de las siguientes categor\u00edas: Acad\u00e9mica, art\u00edstico cultural, deportiva, proyectos con enfoque social.<\/span><\/li><\/ol>\n\n\n\n<p><span class=\"post-content__span\"> <span>\u200b<\/span><span>Para la postulaci\u00f3n el estudiante deber\u00e1 enviar un correo electr\u00f3nico a <strong>talento@utp.edu.co<\/strong>, con el asunto \u00ab<em>Postulaci\u00f3n Buscando los talentosos<\/em>\u00ab, en el cual deber\u00e1 indicar:<\/span><\/p>\n\n\n\n<ul class=\"wp-block-list\"><li><span>Nombre completo.<\/span><\/li><li><span>C\u00f3digo<\/span><\/li><li><span>Programa acad\u00e9mico.<\/span><\/li><li><span>Promedio acad\u00e9mico.<\/span><\/li><li><span>Categor\u00eda a la cual se postula.<\/span><\/li><\/ul>\n\n\n\n<p><span class=\"post-content__span\"> <span>Y adjuntar la documentaci\u00f3n requerida para esa categor\u00eda. Solo se recibir\u00e1 una postulaci\u00f3n por estudiante para cada categor\u00eda. En caso de no enviar la documentaci\u00f3n completa no se tendr\u00e1 en cuenta la postulaci\u00f3n.<\/span><\/p>\n\n\n\n<p><span class=\"post-content__span\"> <span><strong>CATEGOR\u00cdAS<\/strong><\/span><\/p>\n\n\n\n<p><span class=\"post-content__span\"> <span><strong>1. ACAD\u00c9MICA: <span>(1 ganador por cada facultad, para un total de 9 estudiantes talento acad\u00e9mico)<\/span><\/strong><\/span><\/p>\n\n\n\n<p><span class=\"post-content__span\"> <span>Los 5&nbsp;primeros criterios son obligatorios, los \u00faltimos dos le dar\u00e1n un valor agregado a su postulaci\u00f3n.<\/span><\/p>\n\n\n\n<ul class=\"wp-block-list\"><li>Para esta categor\u00eda se requiere un promedio igual o superior a (3,6).<\/li><li><span>Hoja de vida acad\u00e9mica, no necesariamente profesional, donde d\u00e9 cuenta de sus experiencias en su \u00e1rea de conocimiento y talento, que den sustento a su postulaci\u00f3n.<\/span><\/li><li><span>Carta de recomendaci\u00f3n de un docente de su facultad. &nbsp;<\/span><\/li><li><span>Hacer parte de un grupo o semillero de investigaci\u00f3n, debidamente registrado ante la Vicerrector\u00eda de Investigaciones, Innovaci\u00f3n y Extensi\u00f3n. Sustentado mediante carta del director del grupo o semillero de investigaci\u00f3n.<\/span><\/li><li><span>Pertenecer a organizaciones, colectivos o asociaciones estudiantiles, en donde tenga una posici\u00f3n de liderazgo, sustentado mediante carta del representante del grupo.<\/span><\/li><li><span>Tener a su nombre y bajo la representaci\u00f3n de un grupo o semillero de investigaci\u00f3n debidamente constituido ante la Vicerrector\u00eda de Investigaciones, Innovaci\u00f3n y Extensi\u00f3n, publicaciones cient\u00edficas, acad\u00e9micas o de investigaci\u00f3n en revistas indexadas. (Adjuntar documentos que lo sustenten).<\/span><\/li><li><span>Haber participado como conferencista o ponente, en eventos acad\u00e9micos de su \u00e1rea de estudio. (Adjuntar certificado de participaci\u00f3n en el evento)<\/span><\/li><\/ul>\n\n\n\n<p><span class=\"post-content__span\"> <strong>2. <span>ARTISTICO&nbsp;\u2013CULTURAL: <span>(6 estudiantes talento art\u00edstico-cultural)<\/span><\/span><\/strong><\/p>\n\n\n\n<p><span class=\"post-content__span\"> <span>Los 3 primeros criterios son obligatorios, el cuarto le dar\u00e1 un valor agregado a su postulaci\u00f3n.<\/span><\/p>\n\n\n\n<ul class=\"wp-block-list\"><li><span>Curr\u00edculum: compuesto de&nbsp;participaciones (asistencias o colaboraciones), representaciones (locales o regionales), intervenciones (procesos de direcci\u00f3n) o investigaci\u00f3n (validada por el Ministerio de Cultura u otras entidades). Debidamente sustentadas mediante certificaciones y constancias, en un mismo documento en formato Word.<\/span><\/li><li><span>Cada participante seg\u00fan su \u00e1rea de conocimiento (artes pl\u00e1sticas, audiovisuales, escritas, teatro, danza o m\u00fasica), deber\u00e1 presentar constancia de participaci\u00f3n en procesos est\u00e9ticos, creativos y de interpretaci\u00f3n. Listado de creaciones o participaciones, as\u00ed como fotograf\u00edas de las principales propuestas que demuestren su capacidad de producci\u00f3n. Ambas en un mismo documento en formato Word.<\/span><\/li><li><span>Participaciones en diferentes espacios expositivos o de muestra internacionales, nacionales, regionales o locales. Sustentadas mediante certificaci\u00f3n.<\/span><\/li><li><span>Desde su propuesta art\u00edstico est\u00e9tica realicen intervenciones sociales en pro del beneficio de la comunidad. Sustentada mediante evidencia (fotograf\u00edas o documentaci\u00f3n) del trabajo comunitario.<\/span><\/li><\/ul>\n\n\n\n<p><span class=\"post-content__span\"> <strong>3. DEPORTIVA (6 estudiantes talento deportivo)<\/strong><\/p>\n\n\n\n<p><span class=\"post-content__span\"> Los 3 primeros criterios son obligatorios, los \u00faltimos 2 le dar\u00e1n un valor agregado a su postulaci\u00f3n.<\/p>\n\n\n\n<ul class=\"wp-block-list\"><li>Estudiantes que practiquen y se destaquen en alguna disciplina deportiva.<\/li><li>Tener reconocimientos y participaciones significativas en competencias deportivas dentro de los dos \u00faltimos a\u00f1os de experiencia deportiva. Internacionales, nacionales, regionales o locales. Sustentados mediante certificados.<\/li><li>Ser\u00e1n elegibles los estudiantes que presenten el respaldo de clubes deportivos u organizaciones deportivas.<\/li><li>Carta de recomendaci\u00f3n del entrenador deportivo.<\/li><li>Que sean l\u00edderes de equipos deportivos que motiven y estimulen la pr\u00e1ctica del deporte como complemento de la formaci\u00f3n acad\u00e9mica, uso y aprovechamiento del tiempo libre o actividades extra clase.&nbsp;<\/li><\/ul>\n\n\n\n<p><span class=\"post-content__span\"> <strong>4. SOCIAL <span>(1 Estudiante Talento en proyectos sociales)<\/span><\/strong><\/p>\n\n\n\n<ul class=\"wp-block-list\"><li><span>Estudiantes que tengan actitud y aptitud para el trabajo con comunidades o grupos sociales, que realicen intervenciones comunitarias, activaci\u00f3n o reactivaci\u00f3n de espacios dentro de la comunidad. Sustentada mediante evidencia (fotograf\u00edas o documentaci\u00f3n) del trabajo comunitario.<\/span><\/li><li><span>Impulsar proyectos con desarrollo previo o en proceso de gesti\u00f3n. Evidenci\u00e1ndose mediante la descripci\u00f3n de la problem\u00e1tica a desarrollar.<\/span><\/li><li><span>Pertenecer o estar articulado en una entidad que procure el desarrollo comunitario. Sustentado mediante documento del representante de la misma.<\/span><\/li><li><span>Participar activamente y tener un rol de liderazgo en organizaciones o proyectos que generen impacto positivo en la comunidad, disponiendo de sus habilidades y aptitudes en beneficio de la misma. Sustentado mediante una declaraci\u00f3n escrita por parte de un representante de la comunidad.<\/span><\/li><\/ul>\n\n\n\n<p><span class=\"post-content__span\"> <span><strong>\u00a1An\u00edmate a participar, s\u00e9&nbsp;uno de los 22 estudiantes talento de la UTP!<\/strong><\/span><\/p>\n\n\n\n<p><span class=\"post-content__span\"> <strong>Recepci\u00f3n de postulaciones<\/strong>&nbsp;\u00abBuscando los talentosos\u00bb (2 al 12&nbsp;de Mayo)<\/p>\n\n\n\n<p><span class=\"post-content__span\"> <strong>Segundo filtro<\/strong> de \u00abBuscando los talentosos\u00bb (13&nbsp;al 16 de Mayo)<\/p>\n\n\n\n<p><span class=\"post-content__span\"> <em><strong>Gala de exaltaci\u00f3n:<\/strong><\/em><\/p>\n\n\n\n<p><span class=\"post-content__span\"> <span><strong>Lugar:&nbsp;<\/strong>Auditorio Jorge Roa&nbsp;Mart\u00ednez.<\/span><\/p>\n\n\n\n<p><span class=\"post-content__span\"> <span><strong>Fecha:&nbsp;<\/strong>Jueves 19 de Mayo.<\/span><\/p>\n\n\n\n<p><span class=\"post-content__span\"> <strong>Hora:&nbsp;<\/strong>7:00 p.m.&nbsp;<\/p>\n\n\n\n<p><span class=\"post-content__span\"> Entrada con invitaci\u00f3n previa.<\/p>\n","protected":false},"excerpt":{"rendered":"<p>#BUSCANDOLOSTALENTOSOS Gala de cierre del festival Talento UTP, en la cual se exaltar\u00e1n 22&nbsp;estudiantes talento de pregrado. 6 deportistas, 6 [&hellip;]<\/p>\n","protected":false},"author":0,"featured_media":0,"comment_status":"closed","ping_status":"closed","sticky":false,"template":"","format":"standard","meta":{"footnotes":""},"categories":[3],"tags":[],"class_list":["post-1861","post","type-post","status-publish","format-standard","hentry","category-noticias"],"_links":{"self":[{"href":"https:\/\/vicerrectorias.utp.edu.co\/responsabilidad-social\/wp-json\/wp\/v2\/posts\/1861","targetHints":{"allow":["GET"]}}],"collection":[{"href":"https:\/\/vicerrectorias.utp.edu.co\/responsabilidad-social\/wp-json\/wp\/v2\/posts"}],"about":[{"href":"https:\/\/vicerrectorias.utp.edu.co\/responsabilidad-social\/wp-json\/wp\/v2\/types\/post"}],"replies":[{"embeddable":true,"href":"https:\/\/vicerrectorias.utp.edu.co\/responsabilidad-social\/wp-json\/wp\/v2\/comments?post=1861"}],"version-history":[{"count":1,"href":"https:\/\/vicerrectorias.utp.edu.co\/responsabilidad-social\/wp-json\/wp\/v2\/posts\/1861\/revisions"}],"predecessor-version":[{"id":9431,"href":"https:\/\/vicerrectorias.utp.edu.co\/responsabilidad-social\/wp-json\/wp\/v2\/posts\/1861\/revisions\/9431"}],"wp:attachment":[{"href":"https:\/\/vicerrectorias.utp.edu.co\/responsabilidad-social\/wp-json\/wp\/v2\/media?parent=1861"}],"wp:term":[{"taxonomy":"category","embeddable":true,"href":"https:\/\/vicerrectorias.utp.edu.co\/responsabilidad-social\/wp-json\/wp\/v2\/categories?post=1861"},{"taxonomy":"post_tag","embeddable":true,"href":"https:\/\/vicerrectorias.utp.edu.co\/responsabilidad-social\/wp-json\/wp\/v2\/tags?post=1861"}],"curies":[{"name":"wp","href":"https:\/\/api.w.org\/{rel}","templated":true}]}}