{"id":1841,"date":"2015-11-05T09:35:39","date_gmt":"2015-11-05T08:35:39","guid":{"rendered":""},"modified":"2024-08-15T15:52:55","modified_gmt":"2024-08-15T13:52:55","slug":"informacion-importante-jovenes-en-accion","status":"publish","type":"post","link":"https:\/\/vicerrectorias.utp.edu.co\/responsabilidad-social\/informacion-importante-jovenes-en-accion\/","title":{"rendered":"Informaci\u00f3n importante J\u00f3venes en Acci\u00f3n"},"content":{"rendered":"\n<p><span class=\"post-content__span\"> Informaci\u00f3n importante J\u00f3venes en Acci\u00f3n &#8211; UTP<\/p>\n\n\n\n<p><span class=\"post-content__span\"> El programa \u201cJ\u00f3venes en Acci\u00f3n\u201d del Departamento para la prosperidad Social \u2013DPS- tiene como fin&nbsp;<em>mejorar las capacidades, competencias, habilidades, y destrezas para el trabajo de poblaci\u00f3n joven en condiciones de pobreza y vulnerabilidad, a trav\u00e9s de una transferencia condicionada que incentive la formaci\u00f3n de capital humano y un incremento de la empleabilidad.<\/em><\/p>\n\n\n\n<p><span class=\"post-content__span\"> La Universidad ha reconocido la importancia del programa \u201cJ\u00f3venes en Acci\u00f3n\u201d y ha firmado un convenio interadministrativo con el Departamento para la Prosperidad Social -desde los or\u00edgenes del mismo- para que su poblaci\u00f3n estudiantil pueda ser beneficiaria de dicho programa, previo cumplimiento de los requisitos establecidos.<\/p>\n\n\n\n<p><span class=\"post-content__span\"> El programa \u201cJ\u00f3venes en Acci\u00f3n\u201d tiene en s\u00ed mismo diversos componentes, entre otros, el de habilidades para la vida y la Transferencia Monetaria Condicionada.<\/p>\n\n\n\n<p><span class=\"post-content__span\"> La Universidad ha cumplido oportunamente con su obligaci\u00f3n de entrega de reportes de matr\u00edcula al DPS, siguiendo los lineamientos trazados por el programa.<\/p>\n\n\n\n<p><span class=\"post-content__span\"> La magnitud y caracter\u00edsticas del programa J\u00f3venes en Acci\u00f3n a nivel nacional, en conjunto con las condiciones particulares de la cotidianidad de la Universidad en el marco de la legalidad, han generado algunos inconvenientes en la compatibilidad de la informaci\u00f3n reportada y analizada, que se traduce en la suspensi\u00f3n preventiva de la entrega de incentivos en un per\u00edodo dado a los beneficiarios, suspensi\u00f3n que es levantada cuando las diferencias presentadas son aclaradas por las partes.<\/p>\n\n\n\n<p><span class=\"post-content__span\"> La Universidad ha recibido la informaci\u00f3n, por parte de una poblaci\u00f3n importante de posibles estudiantes beneficiarios, que&nbsp; la raz\u00f3n para no haber recibido el incentivo o Transferencia Monetaria Condicionada, es&nbsp;<strong>\u201cDIFERENCIA DE INFORMACI\u00d3N ENTRE EL REPORTE DE MATRICULA Y EL REPORTE DE PERMANENCIA Y DESEMPE\u00d1O\u201d.<\/strong><\/p>\n\n\n\n<p><span class=\"post-content__span\"> La Universidad y el Departamento para la Prosperidad Social en su programa J\u00f3venes en Acci\u00f3n, han entrado en contacto para estudiar y profundizar lo sucedido en los casos que presentan causas motivas para no haber recibido el incentivo de la Transferencia Monetaria Condicionada, en especial el caso de \u201cDIFERENCIA DE INFORMACI\u00d3N ENTRE EL REPORTE DE MATRICULA Y EL REPORTE DE PERMANENCIA Y DESEMPE\u00d1O\u201d que es competencia directa de la Universidad y el DPS en su programa J\u00f3venes en Acci\u00f3n. Una vez clarificadas las situaciones, los estudiantes bajo causales de suspensi\u00f3n apropiadamente levantadas podr\u00e1n recibir el incentivo de Permanencia y Desempe\u00f1o del primer semestre de 2015 en el per\u00edodo correspondiente al de entrega de incentivos a la Matr\u00edcula del segundo semestre acad\u00e9mico del 2015.<\/p>\n\n\n\n<p><span class=\"post-content__span\"> Contamos con el compromiso de ambas partes para que este inconveniente se resuelva prontamente y le solicitamos a la comunidad estudiantil paciencia mientras se realizan los tr\u00e1mites pertinentes.<\/p>\n","protected":false},"excerpt":{"rendered":"<p>Informaci\u00f3n importante J\u00f3venes en Acci\u00f3n &#8211; UTP El programa \u201cJ\u00f3venes en Acci\u00f3n\u201d del Departamento para la prosperidad Social \u2013DPS- tiene [&hellip;]<\/p>\n","protected":false},"author":0,"featured_media":0,"comment_status":"closed","ping_status":"closed","sticky":false,"template":"","format":"standard","meta":{"footnotes":""},"categories":[3],"tags":[],"class_list":["post-1841","post","type-post","status-publish","format-standard","hentry","category-noticias"],"_links":{"self":[{"href":"https:\/\/vicerrectorias.utp.edu.co\/responsabilidad-social\/wp-json\/wp\/v2\/posts\/1841","targetHints":{"allow":["GET"]}}],"collection":[{"href":"https:\/\/vicerrectorias.utp.edu.co\/responsabilidad-social\/wp-json\/wp\/v2\/posts"}],"about":[{"href":"https:\/\/vicerrectorias.utp.edu.co\/responsabilidad-social\/wp-json\/wp\/v2\/types\/post"}],"replies":[{"embeddable":true,"href":"https:\/\/vicerrectorias.utp.edu.co\/responsabilidad-social\/wp-json\/wp\/v2\/comments?post=1841"}],"version-history":[{"count":1,"href":"https:\/\/vicerrectorias.utp.edu.co\/responsabilidad-social\/wp-json\/wp\/v2\/posts\/1841\/revisions"}],"predecessor-version":[{"id":9439,"href":"https:\/\/vicerrectorias.utp.edu.co\/responsabilidad-social\/wp-json\/wp\/v2\/posts\/1841\/revisions\/9439"}],"wp:attachment":[{"href":"https:\/\/vicerrectorias.utp.edu.co\/responsabilidad-social\/wp-json\/wp\/v2\/media?parent=1841"}],"wp:term":[{"taxonomy":"category","embeddable":true,"href":"https:\/\/vicerrectorias.utp.edu.co\/responsabilidad-social\/wp-json\/wp\/v2\/categories?post=1841"},{"taxonomy":"post_tag","embeddable":true,"href":"https:\/\/vicerrectorias.utp.edu.co\/responsabilidad-social\/wp-json\/wp\/v2\/tags?post=1841"}],"curies":[{"name":"wp","href":"https:\/\/api.w.org\/{rel}","templated":true}]}}