{"id":1811,"date":"2015-10-27T10:08:48","date_gmt":"2015-10-27T09:08:48","guid":{"rendered":""},"modified":"2024-08-15T15:52:55","modified_gmt":"2024-08-15T13:52:55","slug":"felicitaciones-deportistas-utp","status":"publish","type":"post","link":"https:\/\/vicerrectorias.utp.edu.co\/responsabilidad-social\/felicitaciones-deportistas-utp\/","title":{"rendered":"Felicitaciones deportistas UTP"},"content":{"rendered":"\n<p><span class=\"post-content__span\"> Felicitaciones deportistas UTP<\/p>\n\n\n\n<p><span class=\"post-content__span\"> <img decoding=\"async\" alt=\"Felicitaciones deportistas UTP\" src=\"https:\/\/comunicaciones.utp.edu.co\/wp-content\/uploads\/sites\/2\/26-octubre-deportistas.jpg\">El viernes 24 de octubre, el rector Luis Fernando Gaviria Trujillo hizo reconocimiento a toda la Delegaci\u00f3n deportiva de la&nbsp; Universidad Tecnol\u00f3gica de Pereira que particip\u00f3 en los XXIV Juegos Universitarios Nacionales Asc\u00fan 2015, realizados en Bogot\u00e1.<\/p>\n\n\n\n<p><span class=\"post-content__span\"> All\u00ed participaron: 105 estudiantes, 12 entrenadores y 3 delegados.<\/p>\n\n\n\n<p><span class=\"post-content__span\"> Los estudiantes UTP obtuvieron 17 preseas de oro, 14 de plata y 18 de bronce.<\/p>\n\n\n\n<p><span class=\"post-content__span\"> Adem\u00e1s se exalt\u00f3 a Harold W. Vanegas Monroy quien impuso 3 nuevos records universitarios en la categor\u00eda de 63 kg arranque 120kg y envi\u00f3n 145 kg, &nbsp;el total 265kgs. As\u00ed como a Jean Pierre Roca Pe\u00f1a y a Paula Cardona, pesistas clasificados al Mundial de Pesas 2016 en Merida M\u00e9xico.<\/p>\n","protected":false},"excerpt":{"rendered":"<p>Felicitaciones deportistas UTP El viernes 24 de octubre, el rector Luis Fernando Gaviria Trujillo hizo reconocimiento a toda la Delegaci\u00f3n [&hellip;]<\/p>\n","protected":false},"author":0,"featured_media":0,"comment_status":"closed","ping_status":"closed","sticky":false,"template":"","format":"standard","meta":{"footnotes":""},"categories":[3],"tags":[],"class_list":["post-1811","post","type-post","status-publish","format-standard","hentry","category-noticias"],"_links":{"self":[{"href":"https:\/\/vicerrectorias.utp.edu.co\/responsabilidad-social\/wp-json\/wp\/v2\/posts\/1811","targetHints":{"allow":["GET"]}}],"collection":[{"href":"https:\/\/vicerrectorias.utp.edu.co\/responsabilidad-social\/wp-json\/wp\/v2\/posts"}],"about":[{"href":"https:\/\/vicerrectorias.utp.edu.co\/responsabilidad-social\/wp-json\/wp\/v2\/types\/post"}],"replies":[{"embeddable":true,"href":"https:\/\/vicerrectorias.utp.edu.co\/responsabilidad-social\/wp-json\/wp\/v2\/comments?post=1811"}],"version-history":[{"count":1,"href":"https:\/\/vicerrectorias.utp.edu.co\/responsabilidad-social\/wp-json\/wp\/v2\/posts\/1811\/revisions"}],"predecessor-version":[{"id":9442,"href":"https:\/\/vicerrectorias.utp.edu.co\/responsabilidad-social\/wp-json\/wp\/v2\/posts\/1811\/revisions\/9442"}],"wp:attachment":[{"href":"https:\/\/vicerrectorias.utp.edu.co\/responsabilidad-social\/wp-json\/wp\/v2\/media?parent=1811"}],"wp:term":[{"taxonomy":"category","embeddable":true,"href":"https:\/\/vicerrectorias.utp.edu.co\/responsabilidad-social\/wp-json\/wp\/v2\/categories?post=1811"},{"taxonomy":"post_tag","embeddable":true,"href":"https:\/\/vicerrectorias.utp.edu.co\/responsabilidad-social\/wp-json\/wp\/v2\/tags?post=1811"}],"curies":[{"name":"wp","href":"https:\/\/api.w.org\/{rel}","templated":true}]}}