{"id":1711,"date":"2015-09-24T08:04:36","date_gmt":"2015-09-24T06:04:36","guid":{"rendered":""},"modified":"2024-08-15T15:52:55","modified_gmt":"2024-08-15T13:52:55","slug":"participe-del-torneo-interno-de-futbol","status":"publish","type":"post","link":"https:\/\/vicerrectorias.utp.edu.co\/responsabilidad-social\/participe-del-torneo-interno-de-futbol\/","title":{"rendered":"Participe del torneo Interno de F\u00fatbol"},"content":{"rendered":"\n<p><span class=\"post-content__span\"> Participe del torneo Interno de F\u00fatbol<\/p>\n\n\n\n<p><span class=\"post-content__span\"> Se invita a toda la comunidad universitaria (estudiantes, docentes y administrativos) a participar en el Torneo Interno De F\u00fatbol, no importa el semestre, la edad o las condiciones; solo debes asistir a la cancha central de f\u00fatbol con la disposici\u00f3n de jugar y de conformar un equipo el pr\u00f3ximo viernes 25 de septiembre a las 12:00 m. y el s\u00e1bado a las 8:00 a. m. para conformar los equipos y definir el sistema de Juego.<\/p>\n\n\n\n<p><span class=\"post-content__span\"> <em>An\u00edmate y participa.<\/em><\/p>\n\n\n\n<p><span class=\"post-content__span\"> Informes: Oficina de Instructores<\/p>\n\n\n\n<p><span class=\"post-content__span\"> H\u00e9ctor Fabio Hern\u00e1ndez Sierra \/Instructor de f\u00fatbol<\/p>\n","protected":false},"excerpt":{"rendered":"<p>Participe del torneo Interno de F\u00fatbol Se invita a toda la comunidad universitaria (estudiantes, docentes y administrativos) a participar en [&hellip;]<\/p>\n","protected":false},"author":0,"featured_media":0,"comment_status":"closed","ping_status":"closed","sticky":false,"template":"","format":"standard","meta":{"footnotes":""},"categories":[3],"tags":[],"class_list":["post-1711","post","type-post","status-publish","format-standard","hentry","category-noticias"],"_links":{"self":[{"href":"https:\/\/vicerrectorias.utp.edu.co\/responsabilidad-social\/wp-json\/wp\/v2\/posts\/1711","targetHints":{"allow":["GET"]}}],"collection":[{"href":"https:\/\/vicerrectorias.utp.edu.co\/responsabilidad-social\/wp-json\/wp\/v2\/posts"}],"about":[{"href":"https:\/\/vicerrectorias.utp.edu.co\/responsabilidad-social\/wp-json\/wp\/v2\/types\/post"}],"replies":[{"embeddable":true,"href":"https:\/\/vicerrectorias.utp.edu.co\/responsabilidad-social\/wp-json\/wp\/v2\/comments?post=1711"}],"version-history":[{"count":1,"href":"https:\/\/vicerrectorias.utp.edu.co\/responsabilidad-social\/wp-json\/wp\/v2\/posts\/1711\/revisions"}],"predecessor-version":[{"id":9453,"href":"https:\/\/vicerrectorias.utp.edu.co\/responsabilidad-social\/wp-json\/wp\/v2\/posts\/1711\/revisions\/9453"}],"wp:attachment":[{"href":"https:\/\/vicerrectorias.utp.edu.co\/responsabilidad-social\/wp-json\/wp\/v2\/media?parent=1711"}],"wp:term":[{"taxonomy":"category","embeddable":true,"href":"https:\/\/vicerrectorias.utp.edu.co\/responsabilidad-social\/wp-json\/wp\/v2\/categories?post=1711"},{"taxonomy":"post_tag","embeddable":true,"href":"https:\/\/vicerrectorias.utp.edu.co\/responsabilidad-social\/wp-json\/wp\/v2\/tags?post=1711"}],"curies":[{"name":"wp","href":"https:\/\/api.w.org\/{rel}","templated":true}]}}