{"id":1701,"date":"2015-09-23T08:19:49","date_gmt":"2015-09-23T06:19:49","guid":{"rendered":""},"modified":"2024-08-15T15:52:55","modified_gmt":"2024-08-15T13:52:55","slug":"1ra-fase-de-talleres-pai-avu","status":"publish","type":"post","link":"https:\/\/vicerrectorias.utp.edu.co\/responsabilidad-social\/1ra-fase-de-talleres-pai-avu\/","title":{"rendered":"1ra FASE DE TALLERES PAI \u2013 AVU"},"content":{"rendered":"\n<p><span class=\"post-content__span\"> 1ra Fase de Talleres PAI \u2013 AVU<\/p>\n\n\n\n<p><span class=\"post-content__span\"> <img decoding=\"async\" alt=\"\" src=\"https:\/\/comunicaciones.utp.edu.co\/wp-content\/uploads\/sites\/2\/PAI.jpg\">Pensando en las necesidades de la comunidad estudiantil y teniendo en cuenta que el proceso de adaptaci\u00f3n a la vida universitaria (AVU) es complejo, el PAI ha programado una serie de talleres de acompa\u00f1amiento que har\u00e1n que este proceso se facilite.&nbsp;<\/p>\n\n\n\n<p><span class=\"post-content__span\"> La primera serie de talleres inician el &nbsp;lunes 21 de septiembre de 2015; &nbsp;ser\u00e1 un encuentro semanal durante 3 semanas. En su gran mayor\u00eda los talleres ofrecen dos opciones de horarios para su asistencia, de manera que se adapte a las necesidades de cada uno.<\/p>\n\n\n\n<p><span class=\"post-content__span\"> Los talleres est\u00e1n enfocados en tem\u00e1ticas como: ansiedad ante ex\u00e1menes, h\u00e1bitos de estudio y compresi\u00f3n lectora, habilidades psicosociales, orientaci\u00f3n vocacional y sensibilizaci\u00f3n a la inclusi\u00f3n; estos tendr\u00e1n lugar del 21 de septiembre al 9 de octubre de 2015.&nbsp; Ampli\u00e9 su informaci\u00f3n de c\u00f3mo participar, en los tel\u00e9fonos 3137300 ext. 463 &#8211; 576<\/p>\n\n\n\n<figure class=\"wp-block-image\"><img decoding=\"async\" src=\"https:\/\/vicerrectorias.utp.edu.co\/responsabilidad-social\/wp-content\/uploads\/sites\/12\/tabloide%20%281%29.jpg\" alt=\"\"\/><\/figure>\n","protected":false},"excerpt":{"rendered":"<p>1ra Fase de Talleres PAI \u2013 AVU Pensando en las necesidades de la comunidad estudiantil y teniendo en cuenta que [&hellip;]<\/p>\n","protected":false},"author":0,"featured_media":0,"comment_status":"closed","ping_status":"closed","sticky":false,"template":"","format":"standard","meta":{"footnotes":""},"categories":[3],"tags":[],"class_list":["post-1701","post","type-post","status-publish","format-standard","hentry","category-noticias"],"_links":{"self":[{"href":"https:\/\/vicerrectorias.utp.edu.co\/responsabilidad-social\/wp-json\/wp\/v2\/posts\/1701","targetHints":{"allow":["GET"]}}],"collection":[{"href":"https:\/\/vicerrectorias.utp.edu.co\/responsabilidad-social\/wp-json\/wp\/v2\/posts"}],"about":[{"href":"https:\/\/vicerrectorias.utp.edu.co\/responsabilidad-social\/wp-json\/wp\/v2\/types\/post"}],"replies":[{"embeddable":true,"href":"https:\/\/vicerrectorias.utp.edu.co\/responsabilidad-social\/wp-json\/wp\/v2\/comments?post=1701"}],"version-history":[{"count":1,"href":"https:\/\/vicerrectorias.utp.edu.co\/responsabilidad-social\/wp-json\/wp\/v2\/posts\/1701\/revisions"}],"predecessor-version":[{"id":9454,"href":"https:\/\/vicerrectorias.utp.edu.co\/responsabilidad-social\/wp-json\/wp\/v2\/posts\/1701\/revisions\/9454"}],"wp:attachment":[{"href":"https:\/\/vicerrectorias.utp.edu.co\/responsabilidad-social\/wp-json\/wp\/v2\/media?parent=1701"}],"wp:term":[{"taxonomy":"category","embeddable":true,"href":"https:\/\/vicerrectorias.utp.edu.co\/responsabilidad-social\/wp-json\/wp\/v2\/categories?post=1701"},{"taxonomy":"post_tag","embeddable":true,"href":"https:\/\/vicerrectorias.utp.edu.co\/responsabilidad-social\/wp-json\/wp\/v2\/tags?post=1701"}],"curies":[{"name":"wp","href":"https:\/\/api.w.org\/{rel}","templated":true}]}}