{"id":1691,"date":"2015-09-28T08:19:19","date_gmt":"2015-09-28T06:19:19","guid":{"rendered":""},"modified":"2024-08-15T15:52:55","modified_gmt":"2024-08-15T13:52:55","slug":"conferencia-las-tic","status":"publish","type":"post","link":"https:\/\/vicerrectorias.utp.edu.co\/responsabilidad-social\/conferencia-las-tic\/","title":{"rendered":"Conferencia las TIC"},"content":{"rendered":"\n<p><span class=\"post-content__span\"> Conferencia las TIC<\/p>\n\n\n\n<p><span class=\"post-content__span\"> <img decoding=\"async\" alt=\"Conferencia las TIC\u00b4s\" src=\"https:\/\/comunicaciones.utp.edu.co\/wp-content\/uploads\/sites\/2\/jovenes-en-accion.png\">El Ministerio de las TIC con apoyo del Ministerio de Educaci\u00f3n y el Departamento para la Prosperidad Social (DPS), invita a todos los estudiantes que hagan parte del programa J\u00f3venes en Acci\u00f3n y a la comunidad &nbsp;universitaria en general para que asistan a la conferencia:<\/p>\n\n\n\n<p><span class=\"post-content__span\"> <strong>Seguridad en el uso de las Tic en Colombia como parte de su programa \u201cEn Tic Conf\u00edo\u201d<\/strong><\/p>\n\n\n\n<p><span class=\"post-content__span\"> Lugar: Auditorio Jorge Roa Mart\u00ednez<\/p>\n\n\n\n<p><span class=\"post-content__span\"> Fecha: lunes 28 y martes 29 de septiembre<\/p>\n\n\n\n<p><span class=\"post-content__span\"> Horario: Conferencias a las 9:00 a. m. \u2013 11:00 a. m. \u2013 3:00 p. m.<\/p>\n\n\n\n<p><span class=\"post-content__span\"> Organizaci\u00f3n: * Lunes 28 de septiembre 9:00 a. m: documentos terminados en 0,1,2,3<\/p>\n\n\n\n<p><span class=\"post-content__span\"> *Lunes 28 de septiembre 11:00 a. m: documentos terminados en 4,5,6<\/p>\n\n\n\n<p><span class=\"post-content__span\"> * Lunes 28 de septiembre 3:00 pm: documentos terminados en 7,8,9<\/p>\n\n\n\n<p><span class=\"post-content__span\"> * Martes 29 de septiembre 9:00 a. m -11:00 a. m -3:00 p. m Todos los documentos<\/p>\n\n\n\n<p><span class=\"post-content__span\"> Muy importante la asistencia de Los J\u00f3venes en Acci\u00f3n (Una vez alcanzado el cupo en el auditorio no se permitir\u00e1 el ingreso a nadie m\u00e1s, la apertura del mismo es media hora antes de cada conferencia).<\/p>\n","protected":false},"excerpt":{"rendered":"<p>Conferencia las TIC El Ministerio de las TIC con apoyo del Ministerio de Educaci\u00f3n y el Departamento para la Prosperidad [&hellip;]<\/p>\n","protected":false},"author":0,"featured_media":0,"comment_status":"closed","ping_status":"closed","sticky":false,"template":"","format":"standard","meta":{"footnotes":""},"categories":[3],"tags":[],"class_list":["post-1691","post","type-post","status-publish","format-standard","hentry","category-noticias"],"_links":{"self":[{"href":"https:\/\/vicerrectorias.utp.edu.co\/responsabilidad-social\/wp-json\/wp\/v2\/posts\/1691","targetHints":{"allow":["GET"]}}],"collection":[{"href":"https:\/\/vicerrectorias.utp.edu.co\/responsabilidad-social\/wp-json\/wp\/v2\/posts"}],"about":[{"href":"https:\/\/vicerrectorias.utp.edu.co\/responsabilidad-social\/wp-json\/wp\/v2\/types\/post"}],"replies":[{"embeddable":true,"href":"https:\/\/vicerrectorias.utp.edu.co\/responsabilidad-social\/wp-json\/wp\/v2\/comments?post=1691"}],"version-history":[{"count":1,"href":"https:\/\/vicerrectorias.utp.edu.co\/responsabilidad-social\/wp-json\/wp\/v2\/posts\/1691\/revisions"}],"predecessor-version":[{"id":9449,"href":"https:\/\/vicerrectorias.utp.edu.co\/responsabilidad-social\/wp-json\/wp\/v2\/posts\/1691\/revisions\/9449"}],"wp:attachment":[{"href":"https:\/\/vicerrectorias.utp.edu.co\/responsabilidad-social\/wp-json\/wp\/v2\/media?parent=1691"}],"wp:term":[{"taxonomy":"category","embeddable":true,"href":"https:\/\/vicerrectorias.utp.edu.co\/responsabilidad-social\/wp-json\/wp\/v2\/categories?post=1691"},{"taxonomy":"post_tag","embeddable":true,"href":"https:\/\/vicerrectorias.utp.edu.co\/responsabilidad-social\/wp-json\/wp\/v2\/tags?post=1691"}],"curies":[{"name":"wp","href":"https:\/\/api.w.org\/{rel}","templated":true}]}}