{"id":1681,"date":"2015-09-21T09:09:59","date_gmt":"2015-09-21T07:09:59","guid":{"rendered":""},"modified":"2024-08-15T15:52:55","modified_gmt":"2024-08-15T13:52:55","slug":"talleres-pai-avu","status":"publish","type":"post","link":"https:\/\/vicerrectorias.utp.edu.co\/responsabilidad-social\/talleres-pai-avu\/","title":{"rendered":"Talleres PAI &#8211; AVU"},"content":{"rendered":"\n<p><span class=\"post-content__span\"> Talleres PAI &#8211; AVU<\/p>\n\n\n\n<p><span class=\"post-content__span\"> <img decoding=\"async\" alt=\"\" src=\"https:\/\/comunicaciones.utp.edu.co\/wp-content\/uploads\/sites\/2\/PAI.jpg\">Estudiante UTP conozca y participe de los talleres del PAI, enfocados en tem\u00e1ticas como: ansiedad ante ex\u00e1menes, h\u00e1bitos de estudio y compresi\u00f3n lectora, habilidades psicosociales, orientaci\u00f3n vocacional y sensibilizaci\u00f3n a la inclusi\u00f3n; estos que tendr\u00e1n lugar del 21 de septiembre al 9 de octubre de 2015.&nbsp; Ampli\u00e9 su informaci\u00f3n de c\u00f3mo participar en los tel\u00e9fonos 3137300 ext. 463 &#8211; 576<\/p>\n\n\n\n<figure class=\"wp-block-table\"><table><tbody><tr><td>\n<p><span class=\"post-content__span\"> Sal\u00f3n<\/p>\n<\/td><td>\n<p><span class=\"post-content__span\"> D\u00eda<\/p>\n<\/td><td>\n<p><span class=\"post-content__span\"> Hora<\/p>\n<\/td><td>\n<p><span class=\"post-content__span\"> Tallerista<\/p>\n<\/td><td>\n<p><span class=\"post-content__span\"> Tema<\/p>\n<\/td><\/tr><tr><td>\n<p><span class=\"post-content__span\"> Y-409<\/p>\n<\/td><td>\n<p><span class=\"post-content__span\"> Lunes<\/p>\n<\/td><td>\n<p><span class=\"post-content__span\"> 10:00<\/p>\n<\/td><td>\n<p><span class=\"post-content__span\"> Yelitza Betancur<\/p>\n<\/td><td>\n<p><span class=\"post-content__span\"> Ansiedad ante ex\u00e1menes<\/p>\n<\/td><\/tr><tr><td>\n<p><span class=\"post-content__span\"> Y-407<\/p>\n<\/td><td>\n<p><span class=\"post-content__span\"> Lunes<\/p>\n<\/td><td>\n<p><span class=\"post-content__span\"> 4:00<\/p>\n<\/td><td>\n<p><span class=\"post-content__span\"> German Matallana<\/p>\n<\/td><td>\n<p><span class=\"post-content__span\"> H\u00e1bitos de estudio y compresi\u00f3n lectora<\/p>\n<\/td><\/tr><tr><td>\n<p><span class=\"post-content__span\"> Y-507<\/p>\n<\/td><td>\n<p><span class=\"post-content__span\"> Martes<\/p>\n<\/td><td>\n<p><span class=\"post-content__span\"> 10:00<\/p>\n<\/td><td>\n<p><span class=\"post-content__span\"> German Matallana<\/p>\n<\/td><td>\n<p><span class=\"post-content__span\"> H\u00e1bitos de estudio y compresi\u00f3n lectora<\/p>\n<\/td><\/tr><tr><td>\n<p><span class=\"post-content__span\"> Y-306<\/p>\n<\/td><td>\n<p><span class=\"post-content__span\"> Martes<\/p>\n<\/td><td>\n<p><span class=\"post-content__span\"> 4:00<\/p>\n<\/td><td>\n<p><span class=\"post-content__span\"> Felipe Orejuela<\/p>\n<\/td><td>\n<p><span class=\"post-content__span\"> Habilidades psicosociales<\/p>\n<\/td><\/tr><tr><td>\n<p><span class=\"post-content__span\"> F-319<\/p>\n<\/td><td>\n<p><span class=\"post-content__span\"> Mi\u00e9rcoles<\/p>\n<\/td><td>\n<p><span class=\"post-content__span\"> 10:00<\/p>\n<\/td><td>\n<p><span class=\"post-content__span\"> Jorge Orrego<\/p>\n<\/td><td>\n<p><span class=\"post-content__span\"> Orientaci\u00f3n vocacional<\/p>\n<\/td><\/tr><tr><td>\n<p><span class=\"post-content__span\"> Q-118<\/p>\n<\/td><td>\n<p><span class=\"post-content__span\"> Mi\u00e9rcoles<\/p>\n<\/td><td>\n<p><span class=\"post-content__span\"> 4:00<\/p>\n<\/td><td>\n<p><span class=\"post-content__span\"> Valentina Casta\u00f1o<\/p>\n<\/td><td>\n<p><span class=\"post-content__span\"> Habilidades psicosociales<\/p>\n<\/td><\/tr><tr><td>\n<p><span class=\"post-content__span\"> Y-409<\/p>\n<\/td><td>\n<p><span class=\"post-content__span\"> Jueves<\/p>\n<\/td><td>\n<p><span class=\"post-content__span\"> 10:00<\/p>\n<\/td><td>\n<p><span class=\"post-content__span\"> Valentina Casta\u00f1o<\/p>\n<\/td><td>\n<p><span class=\"post-content__span\"> Habilidades psicosociales<\/p>\n<\/td><\/tr><tr><td>\n<p><span class=\"post-content__span\"> Y-322<\/p>\n<\/td><td>\n<p><span class=\"post-content__span\"> Jueves<\/p>\n<\/td><td>\n<p><span class=\"post-content__span\"> 2:00<\/p>\n<\/td><td>\n<p><span class=\"post-content__span\"> Martha Villabona<\/p>\n<\/td><td>\n<p><span class=\"post-content__span\"> Sensibilizaci\u00f3n a la inclusi\u00f3n<\/p>\n<\/td><\/tr><tr><td>\n<p><span class=\"post-content__span\"> Y-323<\/p>\n<\/td><td>\n<p><span class=\"post-content__span\"> Jueves<\/p>\n<\/td><td>\n<p><span class=\"post-content__span\"> 4:00<\/p>\n<\/td><td>\n<p><span class=\"post-content__span\"> Jorge Orrego<\/p>\n<\/td><td>\n<p><span class=\"post-content__span\"> Orientaci\u00f3n vocacional<\/p>\n<\/td><\/tr><tr><td>\n<p><span class=\"post-content__span\"> F-320<\/p>\n<\/td><td>\n<p><span class=\"post-content__span\"> Viernes<\/p>\n<\/td><td>\n<p><span class=\"post-content__span\"> 10:00<\/p>\n<\/td><td>\n<p><span class=\"post-content__span\"> Felipe Orejuela<\/p>\n<\/td><td>\n<p><span class=\"post-content__span\"> Habilidades psicosociales<\/p>\n<\/td><\/tr><\/tbody><\/table><\/figure>\n","protected":false},"excerpt":{"rendered":"<p>Talleres PAI &#8211; AVU Estudiante UTP conozca y participe de los talleres del PAI, enfocados en tem\u00e1ticas como: ansiedad ante [&hellip;]<\/p>\n","protected":false},"author":0,"featured_media":0,"comment_status":"closed","ping_status":"closed","sticky":false,"template":"","format":"standard","meta":{"footnotes":""},"categories":[3],"tags":[],"class_list":["post-1681","post","type-post","status-publish","format-standard","hentry","category-noticias"],"_links":{"self":[{"href":"https:\/\/vicerrectorias.utp.edu.co\/responsabilidad-social\/wp-json\/wp\/v2\/posts\/1681","targetHints":{"allow":["GET"]}}],"collection":[{"href":"https:\/\/vicerrectorias.utp.edu.co\/responsabilidad-social\/wp-json\/wp\/v2\/posts"}],"about":[{"href":"https:\/\/vicerrectorias.utp.edu.co\/responsabilidad-social\/wp-json\/wp\/v2\/types\/post"}],"replies":[{"embeddable":true,"href":"https:\/\/vicerrectorias.utp.edu.co\/responsabilidad-social\/wp-json\/wp\/v2\/comments?post=1681"}],"version-history":[{"count":1,"href":"https:\/\/vicerrectorias.utp.edu.co\/responsabilidad-social\/wp-json\/wp\/v2\/posts\/1681\/revisions"}],"predecessor-version":[{"id":9456,"href":"https:\/\/vicerrectorias.utp.edu.co\/responsabilidad-social\/wp-json\/wp\/v2\/posts\/1681\/revisions\/9456"}],"wp:attachment":[{"href":"https:\/\/vicerrectorias.utp.edu.co\/responsabilidad-social\/wp-json\/wp\/v2\/media?parent=1681"}],"wp:term":[{"taxonomy":"category","embeddable":true,"href":"https:\/\/vicerrectorias.utp.edu.co\/responsabilidad-social\/wp-json\/wp\/v2\/categories?post=1681"},{"taxonomy":"post_tag","embeddable":true,"href":"https:\/\/vicerrectorias.utp.edu.co\/responsabilidad-social\/wp-json\/wp\/v2\/tags?post=1681"}],"curies":[{"name":"wp","href":"https:\/\/api.w.org\/{rel}","templated":true}]}}