{"id":1671,"date":"2015-09-21T08:54:57","date_gmt":"2015-09-21T06:54:57","guid":{"rendered":""},"modified":"2024-08-15T15:52:55","modified_gmt":"2024-08-15T13:52:55","slug":"haga-parte-de-la-campana-de-donacion-de-sangre","status":"publish","type":"post","link":"https:\/\/vicerrectorias.utp.edu.co\/responsabilidad-social\/haga-parte-de-la-campana-de-donacion-de-sangre\/","title":{"rendered":"Haga parte de la Campa\u00f1a de Donaci\u00f3n de Sangre"},"content":{"rendered":"\n<p><span class=\"post-content__span\"> Haga parte de la Campa\u00f1a de Donaci\u00f3n de Sangre Sary Arango<\/p>\n\n\n\n<p><span class=\"post-content__span\"> El Departamento de Medicina Comunitaria y la Vicerrector\u00eda de Responsabilidad Social y Bienestar Universitario, informan que el 20 de noviembre se realizar\u00e1 la Campa\u00f1a de Donaci\u00f3n de Sangre Sary Arango.<\/p>\n\n\n\n<p><span class=\"post-content__span\"> Se cita a todos los voluntarios de la Facultad de Ciencias de la Salud a participar en la capacitaci\u00f3n que iniciar\u00e1 el s\u00e1bado 3 de octubre de 2:00 p. m. a 4:00 p. m., el sal\u00f3n est\u00e1 por confirmar.<\/p>\n\n\n\n<p><span class=\"post-content__span\"> Los interesados pueden escribir a la Dra. Adriana Garc\u00eda&nbsp; al e-mail adri@utp.edu.co o a Luis Alberto Rojas Franco al e-mail coordinacionsalud@utp.edu.co<\/p>\n","protected":false},"excerpt":{"rendered":"<p>Haga parte de la Campa\u00f1a de Donaci\u00f3n de Sangre Sary Arango El Departamento de Medicina Comunitaria y la Vicerrector\u00eda de [&hellip;]<\/p>\n","protected":false},"author":0,"featured_media":0,"comment_status":"closed","ping_status":"closed","sticky":false,"template":"","format":"standard","meta":{"footnotes":""},"categories":[3],"tags":[],"class_list":["post-1671","post","type-post","status-publish","format-standard","hentry","category-noticias"],"_links":{"self":[{"href":"https:\/\/vicerrectorias.utp.edu.co\/responsabilidad-social\/wp-json\/wp\/v2\/posts\/1671","targetHints":{"allow":["GET"]}}],"collection":[{"href":"https:\/\/vicerrectorias.utp.edu.co\/responsabilidad-social\/wp-json\/wp\/v2\/posts"}],"about":[{"href":"https:\/\/vicerrectorias.utp.edu.co\/responsabilidad-social\/wp-json\/wp\/v2\/types\/post"}],"replies":[{"embeddable":true,"href":"https:\/\/vicerrectorias.utp.edu.co\/responsabilidad-social\/wp-json\/wp\/v2\/comments?post=1671"}],"version-history":[{"count":1,"href":"https:\/\/vicerrectorias.utp.edu.co\/responsabilidad-social\/wp-json\/wp\/v2\/posts\/1671\/revisions"}],"predecessor-version":[{"id":9457,"href":"https:\/\/vicerrectorias.utp.edu.co\/responsabilidad-social\/wp-json\/wp\/v2\/posts\/1671\/revisions\/9457"}],"wp:attachment":[{"href":"https:\/\/vicerrectorias.utp.edu.co\/responsabilidad-social\/wp-json\/wp\/v2\/media?parent=1671"}],"wp:term":[{"taxonomy":"category","embeddable":true,"href":"https:\/\/vicerrectorias.utp.edu.co\/responsabilidad-social\/wp-json\/wp\/v2\/categories?post=1671"},{"taxonomy":"post_tag","embeddable":true,"href":"https:\/\/vicerrectorias.utp.edu.co\/responsabilidad-social\/wp-json\/wp\/v2\/tags?post=1671"}],"curies":[{"name":"wp","href":"https:\/\/api.w.org\/{rel}","templated":true}]}}