{"id":1661,"date":"2015-09-21T09:21:18","date_gmt":"2015-09-21T07:21:18","guid":{"rendered":""},"modified":"2024-08-15T15:52:55","modified_gmt":"2024-08-15T13:52:55","slug":"participe-del-dia-mundial-del-no-carro","status":"publish","type":"post","link":"https:\/\/vicerrectorias.utp.edu.co\/responsabilidad-social\/participe-del-dia-mundial-del-no-carro\/","title":{"rendered":"Participe del D\u00eda Mundial del No Carro"},"content":{"rendered":"\n<p><span class=\"post-content__span\"> Participe del D\u00eda Mundial del No Carro<\/p>\n\n\n\n<p><span class=\"post-content__span\"> <img decoding=\"async\" alt=\"Participe del D\u00eda Mundial del No Carro\" src=\"https:\/\/comunicaciones.utp.edu.co\/wp-content\/uploads\/sites\/2\/18-septiembre-bicicleta-banner-.jpg\">Los colectivos: Programa de Transporte Activo y Bici-cultura UTP, invitan a la comunidad universitaria &nbsp;a que participen este pr\u00f3ximo 22 septiembre el D\u00eda Mundial del No Carro y as\u00ed se llegue a la Universidad en Bicicleta. &nbsp;<\/p>\n\n\n\n<p><span class=\"post-content__span\"> <em>Participe &nbsp;del cuidado del medio ambiente, ahorre dinero y haga m\u00e1s actividad f\u00edsica.<\/em><\/p>\n\n\n\n<figure class=\"wp-block-image\"><img decoding=\"async\" src=\"https:\/\/comunicaciones.utp.edu.co\/wp-content\/uploads\/sites\/2\/18-septiembre-Bicicleta.jpg\" alt=\"\"\/><\/figure>\n","protected":false},"excerpt":{"rendered":"<p>Participe del D\u00eda Mundial del No Carro Los colectivos: Programa de Transporte Activo y Bici-cultura UTP, invitan a la comunidad [&hellip;]<\/p>\n","protected":false},"author":0,"featured_media":0,"comment_status":"closed","ping_status":"closed","sticky":false,"template":"","format":"standard","meta":{"footnotes":""},"categories":[3],"tags":[],"class_list":["post-1661","post","type-post","status-publish","format-standard","hentry","category-noticias"],"_links":{"self":[{"href":"https:\/\/vicerrectorias.utp.edu.co\/responsabilidad-social\/wp-json\/wp\/v2\/posts\/1661","targetHints":{"allow":["GET"]}}],"collection":[{"href":"https:\/\/vicerrectorias.utp.edu.co\/responsabilidad-social\/wp-json\/wp\/v2\/posts"}],"about":[{"href":"https:\/\/vicerrectorias.utp.edu.co\/responsabilidad-social\/wp-json\/wp\/v2\/types\/post"}],"replies":[{"embeddable":true,"href":"https:\/\/vicerrectorias.utp.edu.co\/responsabilidad-social\/wp-json\/wp\/v2\/comments?post=1661"}],"version-history":[{"count":1,"href":"https:\/\/vicerrectorias.utp.edu.co\/responsabilidad-social\/wp-json\/wp\/v2\/posts\/1661\/revisions"}],"predecessor-version":[{"id":9455,"href":"https:\/\/vicerrectorias.utp.edu.co\/responsabilidad-social\/wp-json\/wp\/v2\/posts\/1661\/revisions\/9455"}],"wp:attachment":[{"href":"https:\/\/vicerrectorias.utp.edu.co\/responsabilidad-social\/wp-json\/wp\/v2\/media?parent=1661"}],"wp:term":[{"taxonomy":"category","embeddable":true,"href":"https:\/\/vicerrectorias.utp.edu.co\/responsabilidad-social\/wp-json\/wp\/v2\/categories?post=1661"},{"taxonomy":"post_tag","embeddable":true,"href":"https:\/\/vicerrectorias.utp.edu.co\/responsabilidad-social\/wp-json\/wp\/v2\/tags?post=1661"}],"curies":[{"name":"wp","href":"https:\/\/api.w.org\/{rel}","templated":true}]}}