{"id":1631,"date":"2015-09-16T09:25:49","date_gmt":"2015-09-16T07:25:49","guid":{"rendered":""},"modified":"2024-08-15T15:52:55","modified_gmt":"2024-08-15T13:52:55","slug":"informacion-pai-y-cine-foro","status":"publish","type":"post","link":"https:\/\/vicerrectorias.utp.edu.co\/responsabilidad-social\/informacion-pai-y-cine-foro\/","title":{"rendered":"Informaci\u00f3n PAI y Cine Foro"},"content":{"rendered":"\n<p><span class=\"post-content__span\"> Informaci\u00f3n PAI y Cine Foro<\/p>\n\n\n\n<p><span class=\"post-content__span\"> <img decoding=\"async\" alt=\"Informaci\u00f3n PAI y Cine Foro\" src=\"https:\/\/comunicaciones.utp.edu.co\/wp-content\/uploads\/sites\/2\/15-septiembre-cine-foro.jpg\">Ma\u00f1ana mi\u00e9rcoles 16 de septiembre se invita a la comunidad universitaria a la charla sobre las din\u00e1micas de empoderamiento y toma de decisiones con el profesional del Programa de Acompa\u00f1amiento Integral (P.A.I.) Germ\u00e1n Matallana.<\/p>\n\n\n\n<p><span class=\"post-content__span\"> El empoderamiento, una vez se concibe como un proceso articulado con el proyecto de vida, conlleva una serie de decisiones personales, \u00edntimas e imaginativas, que tienen consecuencias en la vida personal y social de cada persona. La vida en crisis, es s\u00f3lo una de tantas eventualidades que motivan al empoderamiento de las personas. Este mi\u00e9rcoles se invita a la comunidad universitaria a hablar a prop\u00f3stio de este tema, y a compartir del s\u00e9ptimo arte con la pel\u00edcula \u00abKaren Llora en un Bus\u00bb.<\/p>\n\n\n\n<p><span class=\"post-content__span\"> &nbsp;Un espacio Gracias a la Rector\u00eda, Vicerrector\u00eda &nbsp;Acad\u00e9mica, Vicerrector\u00eda de Bienestar&nbsp;Universitario&nbsp;y Responsabilidad&nbsp;Social, &nbsp;Recursos Inform\u00e1ticos y Educativos, &nbsp;programa PAI y la corporaci\u00f3n EJE-16<\/p>\n\n\n\n<figure class=\"wp-block-image\"><img decoding=\"async\" src=\"https:\/\/comunicaciones.utp.edu.co\/wp-content\/uploads\/sites\/2\/15-septiembre-cine-foro-545.jpg\" alt=\"\"\/><\/figure>\n\n\n\n<figure class=\"wp-block-embed\"><div class=\"wp-block-embed__wrapper\">\n<iframe loading=\"lazy\" title=\"Karen Llora en un Bus Trailer.mp4\" width=\"500\" height=\"281\" src=\"https:\/\/www.youtube.com\/embed\/hZZbGQEQekQ?feature=oembed\" frameborder=\"0\" allow=\"accelerometer; autoplay; clipboard-write; encrypted-media; gyroscope; picture-in-picture; web-share\" referrerpolicy=\"strict-origin-when-cross-origin\" allowfullscreen><\/iframe>\n<\/div><\/figure>\n","protected":false},"excerpt":{"rendered":"<p>Informaci\u00f3n PAI y Cine Foro Ma\u00f1ana mi\u00e9rcoles 16 de septiembre se invita a la comunidad universitaria a la charla sobre [&hellip;]<\/p>\n","protected":false},"author":0,"featured_media":0,"comment_status":"closed","ping_status":"closed","sticky":false,"template":"","format":"standard","meta":{"footnotes":""},"categories":[3],"tags":[],"class_list":["post-1631","post","type-post","status-publish","format-standard","hentry","category-noticias"],"_links":{"self":[{"href":"https:\/\/vicerrectorias.utp.edu.co\/responsabilidad-social\/wp-json\/wp\/v2\/posts\/1631","targetHints":{"allow":["GET"]}}],"collection":[{"href":"https:\/\/vicerrectorias.utp.edu.co\/responsabilidad-social\/wp-json\/wp\/v2\/posts"}],"about":[{"href":"https:\/\/vicerrectorias.utp.edu.co\/responsabilidad-social\/wp-json\/wp\/v2\/types\/post"}],"replies":[{"embeddable":true,"href":"https:\/\/vicerrectorias.utp.edu.co\/responsabilidad-social\/wp-json\/wp\/v2\/comments?post=1631"}],"version-history":[{"count":1,"href":"https:\/\/vicerrectorias.utp.edu.co\/responsabilidad-social\/wp-json\/wp\/v2\/posts\/1631\/revisions"}],"predecessor-version":[{"id":9460,"href":"https:\/\/vicerrectorias.utp.edu.co\/responsabilidad-social\/wp-json\/wp\/v2\/posts\/1631\/revisions\/9460"}],"wp:attachment":[{"href":"https:\/\/vicerrectorias.utp.edu.co\/responsabilidad-social\/wp-json\/wp\/v2\/media?parent=1631"}],"wp:term":[{"taxonomy":"category","embeddable":true,"href":"https:\/\/vicerrectorias.utp.edu.co\/responsabilidad-social\/wp-json\/wp\/v2\/categories?post=1631"},{"taxonomy":"post_tag","embeddable":true,"href":"https:\/\/vicerrectorias.utp.edu.co\/responsabilidad-social\/wp-json\/wp\/v2\/tags?post=1631"}],"curies":[{"name":"wp","href":"https:\/\/api.w.org\/{rel}","templated":true}]}}