{"id":139,"date":"2013-11-18T08:51:30","date_gmt":"2013-11-18T07:51:30","guid":{"rendered":""},"modified":"2024-08-15T15:53:11","modified_gmt":"2024-08-15T13:53:11","slug":"censo-academico","status":"publish","type":"post","link":"https:\/\/vicerrectorias.utp.edu.co\/responsabilidad-social\/censo-academico\/","title":{"rendered":"CENSO ACAD\u00c9MICO"},"content":{"rendered":"\n<blockquote><div>\n<div class=\"gmail_quote\">\n<div dir=\"ltr\">\n<div>\n<div>\n<p><span class=\"post-content__span\"> Se\u00f1or estudiante.<\/p>\n<p><span class=\"post-content__span\"> &nbsp;<\/p>\n<p><span class=\"post-content__span\"> La administraci\u00f3n de la Universidad ha dise\u00f1ado un censo acad\u00e9mico a trav\u00e9s del cual busca consolidar la informaci\u00f3n necesaria para que los Consejos Acad\u00e9mico y Superior puedan tomar decisiones que reduzcan, en lo posible, los efectos negativos de la actual crisis.<\/p>\n<p><span class=\"post-content__span\"> &nbsp;<\/p>\n<p><span class=\"post-content__span\"> El procedimiento para acceder consiste en hacer clic en el enlace:<\/p>\n<p><span class=\"post-content__span\"> &nbsp;<\/p>\n<p><span class=\"post-content__span\"> \u201c<a rel=\"nofollow\" href=\"https:\/\/app4.utp.edu.co\/pe\/encuesta\/encuesta_censo\/index.php\">https:\/\/app4.utp.edu.co\/pe\/encuesta\/encuesta_censo\/index.php<\/a>\u201d<\/p>\n<p><span class=\"post-content__span\"> &nbsp;<\/p>\n<p><span class=\"post-content__span\"> Este enlace lo llevar\u00e1 directamente a una pantalla en la cual se le brindar\u00e1n instrucciones relevantes para el proceso. Seguidamente podr\u00e1 responder las preguntas contenidas en el censo.<\/p>\n<p><span class=\"post-content__span\"> &nbsp;<\/p>\n<p><span class=\"post-content__span\"> Es importante que indique, en cada una de las materias cual es la mejor alternativa de acuerdo con su situaci\u00f3n acad\u00e9mica.<\/p>\n<p><span class=\"post-content__span\"> &nbsp;<\/p>\n<p><span class=\"post-content__span\"> No olvide que una vez diligenciado el censo, este no podr\u00e1 ser modificado.<\/p>\n<p><span class=\"post-content__span\"> &nbsp;<\/p>\n<p><span class=\"post-content__span\"> El plazo para diligenciar el censo vence el 22 de Noviembre.<\/p>\n<p><span class=\"post-content__span\"> <a rel=\"nofollow\" href=\"https:\/\/vicerrectorias.utp.edu.co\/responsabilidad-social\/wp-content\/uploads\/sites\/12\/CENSO_estudiantes_2013.docx\">CENSO_estudiantes_2013.docx<\/a><\/p>\n<p><span class=\"post-content__span\"> &nbsp;<\/p>\n<\/div>\n<\/div>\n<\/div>\n<\/div>\n<\/div><\/blockquote>\n","protected":false},"excerpt":{"rendered":"<p>Se\u00f1or estudiante. &nbsp; La administraci\u00f3n de la Universidad ha dise\u00f1ado un censo acad\u00e9mico a trav\u00e9s del cual busca consolidar la [&hellip;]<\/p>\n","protected":false},"author":0,"featured_media":0,"comment_status":"closed","ping_status":"closed","sticky":false,"template":"","format":"standard","meta":{"footnotes":""},"categories":[3],"tags":[],"class_list":["post-139","post","type-post","status-publish","format-standard","hentry","category-noticias"],"_links":{"self":[{"href":"https:\/\/vicerrectorias.utp.edu.co\/responsabilidad-social\/wp-json\/wp\/v2\/posts\/139","targetHints":{"allow":["GET"]}}],"collection":[{"href":"https:\/\/vicerrectorias.utp.edu.co\/responsabilidad-social\/wp-json\/wp\/v2\/posts"}],"about":[{"href":"https:\/\/vicerrectorias.utp.edu.co\/responsabilidad-social\/wp-json\/wp\/v2\/types\/post"}],"replies":[{"embeddable":true,"href":"https:\/\/vicerrectorias.utp.edu.co\/responsabilidad-social\/wp-json\/wp\/v2\/comments?post=139"}],"version-history":[{"count":1,"href":"https:\/\/vicerrectorias.utp.edu.co\/responsabilidad-social\/wp-json\/wp\/v2\/posts\/139\/revisions"}],"predecessor-version":[{"id":9824,"href":"https:\/\/vicerrectorias.utp.edu.co\/responsabilidad-social\/wp-json\/wp\/v2\/posts\/139\/revisions\/9824"}],"wp:attachment":[{"href":"https:\/\/vicerrectorias.utp.edu.co\/responsabilidad-social\/wp-json\/wp\/v2\/media?parent=139"}],"wp:term":[{"taxonomy":"category","embeddable":true,"href":"https:\/\/vicerrectorias.utp.edu.co\/responsabilidad-social\/wp-json\/wp\/v2\/categories?post=139"},{"taxonomy":"post_tag","embeddable":true,"href":"https:\/\/vicerrectorias.utp.edu.co\/responsabilidad-social\/wp-json\/wp\/v2\/tags?post=139"}],"curies":[{"name":"wp","href":"https:\/\/api.w.org\/{rel}","templated":true}]}}