{"id":1301,"date":"2017-03-02T16:43:50","date_gmt":"2017-03-02T15:43:50","guid":{"rendered":""},"modified":"2024-08-15T15:52:50","modified_gmt":"2024-08-15T13:52:50","slug":"udiversidad-ahora-on-line","status":"publish","type":"post","link":"https:\/\/vicerrectorias.utp.edu.co\/responsabilidad-social\/udiversidad-ahora-on-line\/","title":{"rendered":"Udiversidad ahora On line"},"content":{"rendered":"\n<p><span class=\"post-content__span\"> Udiversidad ahora On line<\/p>\n\n\n\n<p><span class=\"post-content__span\"> Se comparte con la comunidad universitaria el enlace en el que se podr\u00e1n encontrar las diferentes ediciones de Udiversidad, el peri\u00f3dico institucional de la Universidad Tecnol\u00f3gica de Pereira.<\/p>\n\n\n\n<p><span class=\"post-content__span\"> <a rel=\"nofollow\" href=\"https:\/\/comunicaciones.utp.edu.co\/udiversidad\">Ver ediciones de Udiversidad<\/a><\/p>\n\n\n\n<p><span class=\"post-content__span\"> <a rel=\"nofollow\" href=\"https:\/\/comunicaciones.utp.edu.co\/udiversidad\">&nbsp;<\/a><\/p>\n\n\n\n<figure class=\"wp-block-table\"><table><thead><tr><td><a rel=\"nofollow\" href=\"https:\/\/comunicaciones.utp.edu.co\/udiversidad\"><strong>Edici\u00f3n<\/strong><\/a><\/td><td><a rel=\"nofollow\" href=\"https:\/\/comunicaciones.utp.edu.co\/udiversidad\"><strong>Nombre<\/strong><\/a><\/td><\/tr><\/thead><tbody><tr><td><a rel=\"nofollow\" href=\"https:\/\/comunicaciones.utp.edu.co\/udiversidad\">Mayo de 2015 \/ Quinta Edici\u00f3n<\/a><\/td><td><a rel=\"nofollow\" href=\"https:\/\/www.utp.edu.co\/cms-utp\/data\/bin\/UTP\/web\/uploads\/media\/comunicaciones\/udiversidad\/udiversidad-v-edicion.pdf\">El Eje Cafetero y la UTP celebran D\u00eda de Europa<\/a><\/td><\/tr><tr><td>Diciembre de 2014 \/ Cuarta Edici\u00f3n<\/td><td><a rel=\"nofollow\" href=\"https:\/\/www.utp.edu.co\/cms-utp\/data\/bin\/UTP\/web\/uploads\/media\/comunicaciones\/udiversidad\/udiversidad-diciembre-2014-final.pdf\">Una experiencia de responsabilidad social<\/a><\/td><\/tr><tr><td>Octubre de 2014 \/ Tecera Edici\u00f3n<\/td><td><a rel=\"nofollow\" href=\"https:\/\/www.utp.edu.co\/cms-utp\/data\/bin\/UTP\/web\/uploads\/media\/comunicaciones\/udiversidad\/udiversidad-iii-edicion-2-1.pdf\">La paz, una perspectiva desde la academia<\/a><\/td><\/tr><tr><td>Agosto 2014 \/ Segunda Edici\u00f3n<\/td><td><a rel=\"nofollow\" href=\"https:\/\/www.utp.edu.co\/cms-utp\/data\/bin\/UTP\/web\/uploads\/media\/comunicaciones\/udiversidad\/udiversidad-ii-ed.pdf\">UTP, una propuesta educativa incluyente y de calidad<\/a><\/td><\/tr><\/tbody><\/table><\/figure>\n","protected":false},"excerpt":{"rendered":"<p>Udiversidad ahora On line Se comparte con la comunidad universitaria el enlace en el que se podr\u00e1n encontrar las diferentes [&hellip;]<\/p>\n","protected":false},"author":0,"featured_media":0,"comment_status":"closed","ping_status":"closed","sticky":false,"template":"","format":"standard","meta":{"footnotes":""},"categories":[3],"tags":[],"class_list":["post-1301","post","type-post","status-publish","format-standard","hentry","category-noticias"],"_links":{"self":[{"href":"https:\/\/vicerrectorias.utp.edu.co\/responsabilidad-social\/wp-json\/wp\/v2\/posts\/1301","targetHints":{"allow":["GET"]}}],"collection":[{"href":"https:\/\/vicerrectorias.utp.edu.co\/responsabilidad-social\/wp-json\/wp\/v2\/posts"}],"about":[{"href":"https:\/\/vicerrectorias.utp.edu.co\/responsabilidad-social\/wp-json\/wp\/v2\/types\/post"}],"replies":[{"embeddable":true,"href":"https:\/\/vicerrectorias.utp.edu.co\/responsabilidad-social\/wp-json\/wp\/v2\/comments?post=1301"}],"version-history":[{"count":1,"href":"https:\/\/vicerrectorias.utp.edu.co\/responsabilidad-social\/wp-json\/wp\/v2\/posts\/1301\/revisions"}],"predecessor-version":[{"id":9320,"href":"https:\/\/vicerrectorias.utp.edu.co\/responsabilidad-social\/wp-json\/wp\/v2\/posts\/1301\/revisions\/9320"}],"wp:attachment":[{"href":"https:\/\/vicerrectorias.utp.edu.co\/responsabilidad-social\/wp-json\/wp\/v2\/media?parent=1301"}],"wp:term":[{"taxonomy":"category","embeddable":true,"href":"https:\/\/vicerrectorias.utp.edu.co\/responsabilidad-social\/wp-json\/wp\/v2\/categories?post=1301"},{"taxonomy":"post_tag","embeddable":true,"href":"https:\/\/vicerrectorias.utp.edu.co\/responsabilidad-social\/wp-json\/wp\/v2\/tags?post=1301"}],"curies":[{"name":"wp","href":"https:\/\/api.w.org\/{rel}","templated":true}]}}