{"id":119,"date":"2013-08-28T08:50:19","date_gmt":"2013-08-28T06:50:19","guid":{"rendered":""},"modified":"2024-08-15T15:53:11","modified_gmt":"2024-08-15T13:53:11","slug":"convocatoria-natacion-juegos-sintraunicol","status":"publish","type":"post","link":"https:\/\/vicerrectorias.utp.edu.co\/responsabilidad-social\/convocatoria-natacion-juegos-sintraunicol\/","title":{"rendered":"CONVOCATORIA NATACI\u00d3N JUEGOS SINTRAUNICOL"},"content":{"rendered":"\n<p><span class=\"post-content__span\"> CONVOCATORIA NATACI\u00d3N<\/p>\n\n\n\n<p><span class=\"post-content__span\"> Se convoca a todos los funcionarios que tengan la experiencia y la disposici\u00f3n para hacer parte del equipo de Nataci\u00f3n Docentes-Administrativos y quieran representar a la Universidad Tecnol\u00f3gica de Pereira en los Juegos Nacionales de Sintraunicol a realizarse en la ciudad de Pereira los d\u00edas 10 al 14 de Octubre del presente a\u00f1o.<\/p>\n\n\n\n<p><span class=\"post-content__span\"> Mayores informes: MIRTHA RODR\u00cdGUEZ TOVAR<\/p>\n\n\n\n<p><span class=\"post-content__span\"> mirtha@utp.edu.co &#8211; EXT: 441<\/p>\n\n\n\n<p><span class=\"post-content__span\"> Oficina de Instructores de Deportes &#8211;<\/p>\n\n\n\n<p><span class=\"post-content__span\"> Vicerrector\u00eda de Responsabilidad Social y Bienestar Universitario<\/p>\n","protected":false},"excerpt":{"rendered":"<p>CONVOCATORIA NATACI\u00d3N Se convoca a todos los funcionarios que tengan la experiencia y la disposici\u00f3n para hacer parte del equipo [&hellip;]<\/p>\n","protected":false},"author":0,"featured_media":0,"comment_status":"closed","ping_status":"closed","sticky":false,"template":"","format":"standard","meta":{"footnotes":""},"categories":[3],"tags":[],"class_list":["post-119","post","type-post","status-publish","format-standard","hentry","category-noticias"],"_links":{"self":[{"href":"https:\/\/vicerrectorias.utp.edu.co\/responsabilidad-social\/wp-json\/wp\/v2\/posts\/119","targetHints":{"allow":["GET"]}}],"collection":[{"href":"https:\/\/vicerrectorias.utp.edu.co\/responsabilidad-social\/wp-json\/wp\/v2\/posts"}],"about":[{"href":"https:\/\/vicerrectorias.utp.edu.co\/responsabilidad-social\/wp-json\/wp\/v2\/types\/post"}],"replies":[{"embeddable":true,"href":"https:\/\/vicerrectorias.utp.edu.co\/responsabilidad-social\/wp-json\/wp\/v2\/comments?post=119"}],"version-history":[{"count":1,"href":"https:\/\/vicerrectorias.utp.edu.co\/responsabilidad-social\/wp-json\/wp\/v2\/posts\/119\/revisions"}],"predecessor-version":[{"id":9833,"href":"https:\/\/vicerrectorias.utp.edu.co\/responsabilidad-social\/wp-json\/wp\/v2\/posts\/119\/revisions\/9833"}],"wp:attachment":[{"href":"https:\/\/vicerrectorias.utp.edu.co\/responsabilidad-social\/wp-json\/wp\/v2\/media?parent=119"}],"wp:term":[{"taxonomy":"category","embeddable":true,"href":"https:\/\/vicerrectorias.utp.edu.co\/responsabilidad-social\/wp-json\/wp\/v2\/categories?post=119"},{"taxonomy":"post_tag","embeddable":true,"href":"https:\/\/vicerrectorias.utp.edu.co\/responsabilidad-social\/wp-json\/wp\/v2\/tags?post=119"}],"curies":[{"name":"wp","href":"https:\/\/api.w.org\/{rel}","templated":true}]}}