{"id":105,"date":"2017-02-21T08:30:06","date_gmt":"2017-02-21T07:30:06","guid":{"rendered":""},"modified":"2024-08-15T15:52:50","modified_gmt":"2024-08-15T13:52:50","slug":"primera-entrega-de-tiquetes-de-bono-de-transporte","status":"publish","type":"post","link":"https:\/\/vicerrectorias.utp.edu.co\/responsabilidad-social\/primera-entrega-de-tiquetes-de-bono-de-transporte\/","title":{"rendered":"Primera entrega de tiquetes de bono de transporte"},"content":{"rendered":"\n<p><span class=\"post-content__span\"> Se informa que la primera entrega de tiquetes de bono de transporte para el segundo semestre del 2013 ser\u00e1 el &nbsp;jueves 22 de agosto en dos horarios de 8:30 am 9:30 a 10:00 a 12:00 m.&nbsp; en el auditorio &nbsp;A-201.<\/p>\n\n\n\n<p><span class=\"post-content__span\"> &nbsp;En esta primera entrega se beneficiar\u00e1n 455 estudiantes,&nbsp; que para acceder al beneficio deber\u00e1n asistir a una reuni\u00f3n introductora del servicio social, en donde se explicar\u00e1 cada una sus l\u00edneas y se entregar\u00e1 un formato de compromiso que se deben diligenciar y firmar.<\/p>\n\n\n\n<p><span class=\"post-content__span\"> &nbsp;<strong><em>Cu\u00e1l es la din\u00e1mica de entrega del bono en el auditorio<\/em><\/strong><\/p>\n\n\n\n<p><span class=\"post-content__span\"> &nbsp;Posterior a la reuni\u00f3n del servicio social se entregaran los tiquetes a la entrada del auditorio A-201; cada estudiante se debe dirigir a la mesa correspondiente a la&nbsp; inicial de su primer nombre, presentando su carnet estudiantil o su documento de identidad. En este mismo proceso debe diligenciar y asumir el compromiso de servicio social.<\/p>\n\n\n\n<p><span class=\"post-content__span\"> &nbsp;<strong><em>Sobre los autores de esta iniciativa<\/em><\/strong><\/p>\n\n\n\n<p><span class=\"post-content__span\"> &nbsp;El bono de transporte es posible gracias a la alianza&nbsp; Audifarma, FAVI, Asemtur y la Universidad Tecnol\u00f3gica de Pereira; con \u00e9l se entregan dos tiquetes para desplazamiento diario del estudiante desde el lugar de residencia a la Universidad y su retorno.&nbsp; Este apoyo socioecon\u00f3mico se otorga estudiantes en situaci\u00f3n vulnerable, con el fin de mejorar sus condiciones de vida desde el ingreso y durante la formaci\u00f3n profesional.<\/p>\n\n\n\n<p><span class=\"post-content__span\"> El proceso de postulaci\u00f3n de los estudiantes a este apoyo es libre y se hace cada semestre a trav\u00e9s del portal estudiantil, tales postulaciones son priorizadas y otorgadas, por la Vicerrector\u00eda de Responsabilidad Social y Bienestar Universitario. previo an\u00e1lisis de riesgo econ\u00f3mico y biopsicosocial del estudiante.<\/p>\n\n\n\n<p><span class=\"post-content__span\"> &nbsp;<strong><em>Contacto:<\/em><\/strong><\/p>\n\n\n\n<p><span class=\"post-content__span\"> Diana Paola Ballesteros Riveros<\/p>\n\n\n\n<p><span class=\"post-content__span\"> Vicerrector\u00eda de Responsabilidad Social y Bienestar Universitario<\/p>\n\n\n\n<p><span class=\"post-content__span\"> Universidad Tecnol\u00f3gica de Pereira<\/p>\n\n\n\n<p><span class=\"post-content__span\"> Tel. 3137300 Ext. 456&nbsp;<\/p>\n","protected":false},"excerpt":{"rendered":"<p>Se informa que la primera entrega de tiquetes de bono de transporte para el segundo semestre del 2013 ser\u00e1 el [&hellip;]<\/p>\n","protected":false},"author":0,"featured_media":0,"comment_status":"closed","ping_status":"closed","sticky":false,"template":"","format":"standard","meta":{"footnotes":""},"categories":[3],"tags":[],"class_list":["post-105","post","type-post","status-publish","format-standard","hentry","category-noticias"],"_links":{"self":[{"href":"https:\/\/vicerrectorias.utp.edu.co\/responsabilidad-social\/wp-json\/wp\/v2\/posts\/105","targetHints":{"allow":["GET"]}}],"collection":[{"href":"https:\/\/vicerrectorias.utp.edu.co\/responsabilidad-social\/wp-json\/wp\/v2\/posts"}],"about":[{"href":"https:\/\/vicerrectorias.utp.edu.co\/responsabilidad-social\/wp-json\/wp\/v2\/types\/post"}],"replies":[{"embeddable":true,"href":"https:\/\/vicerrectorias.utp.edu.co\/responsabilidad-social\/wp-json\/wp\/v2\/comments?post=105"}],"version-history":[{"count":1,"href":"https:\/\/vicerrectorias.utp.edu.co\/responsabilidad-social\/wp-json\/wp\/v2\/posts\/105\/revisions"}],"predecessor-version":[{"id":9331,"href":"https:\/\/vicerrectorias.utp.edu.co\/responsabilidad-social\/wp-json\/wp\/v2\/posts\/105\/revisions\/9331"}],"wp:attachment":[{"href":"https:\/\/vicerrectorias.utp.edu.co\/responsabilidad-social\/wp-json\/wp\/v2\/media?parent=105"}],"wp:term":[{"taxonomy":"category","embeddable":true,"href":"https:\/\/vicerrectorias.utp.edu.co\/responsabilidad-social\/wp-json\/wp\/v2\/categories?post=105"},{"taxonomy":"post_tag","embeddable":true,"href":"https:\/\/vicerrectorias.utp.edu.co\/responsabilidad-social\/wp-json\/wp\/v2\/tags?post=105"}],"curies":[{"name":"wp","href":"https:\/\/api.w.org\/{rel}","templated":true}]}}