{"id":511,"date":"2024-04-09T10:17:25","date_gmt":"2024-04-09T08:17:25","guid":{"rendered":""},"modified":"2024-09-11T17:25:44","modified_gmt":"2024-09-11T15:25:44","slug":"oferta-y-demanda-e-incidencia-de-los-precios","status":"publish","type":"post","link":"https:\/\/vicerrectorias.utp.edu.co\/administrativa\/oferta-y-demanda-e-incidencia-de-los-precios\/","title":{"rendered":"Oferta y Demanda e Incidencia de los precios"},"content":{"rendered":"\n<h3 class=\"wp-block-heading\"><strong>2.3. OFERTA Y DEMANDA E INCIDENCIA DE LOS PRECIOS<\/strong><\/h3>\n\n\n\n<figure class=\"wp-block-embed is-type-video is-provider-youtube wp-block-embed-youtube wp-embed-aspect-16-9 wp-has-aspect-ratio\"><div class=\"wp-block-embed__wrapper\">\n<iframe loading=\"lazy\" title=\"OFERTA y DEMANDA - Explicado para principiantes\" width=\"500\" height=\"281\" src=\"https:\/\/www.youtube.com\/embed\/PvViocJwYRI?feature=oembed\" frameborder=\"0\" allow=\"accelerometer; autoplay; clipboard-write; encrypted-media; gyroscope; picture-in-picture; web-share\" referrerpolicy=\"strict-origin-when-cross-origin\" allowfullscreen><\/iframe>\n<\/div><\/figure>\n\n\n\n<p><span class=\"post-content__span\"> Los precios en un mercado se determinan a partir de las fuerzas de la oferta y demanda. Es por ello que para entender estos dos t\u00e9rminos es necesario comprender el espacio donde tienen lugar<\/p>\n\n\n\n<p><span class=\"post-content__span\"> <strong>Mercado:<\/strong> Lugar f\u00edsico y te\u00f3rico en el cual se producen bienes y servicios que buscan satisfacer las necesidades humanas<\/p>\n\n\n\n<p><span class=\"post-content__span\"> En todo mercado sea f\u00edsico o virtual existen dos actores principales:<\/p>\n\n\n\n<p><span class=\"post-content__span\"> Vendedores: tienen a cargo la oferta<\/p>\n\n\n\n<p><span class=\"post-content__span\"> Compradores: se ocupan de la demanda&nbsp;<\/p>\n\n\n\n<p><span class=\"post-content__span\"> A partir de estos factores se desprenden los bienes y servicios que se producen en determinado periodo de tiempo, sus cantidades y su precio.<\/p>\n\n\n\n<p><span class=\"post-content__span\"> <strong>Oferta: <\/strong>Conjunto de unidades (Bienes o servicios) disponibles para ser intercambiadas por dinero, el cual se espera cubra el costo de producci\u00f3n del bien o la prestaci\u00f3n del servicio<\/p>\n\n\n\n<p><span class=\"post-content__span\"> Si la oferta de un bien o servicio es escasa los precios tienden a subir, mientras que si la oferta aumenta mucho cada uno de estos bienes tender\u00e1 a perder valor y se convertir\u00e1 en algo muy f\u00e1cil de obtener&nbsp;&nbsp;<\/p>\n\n\n\n<p><span class=\"post-content__span\"> <strong>Demanda:<\/strong> Conjunto de unidades de bienes y servicios que los consumidores est\u00e1n dispuestos a adquirir de acuerdo a el precio para ellos razonable, que atienda sus necesidades en el marco de su capacidad de gasto.&nbsp;<\/p>\n\n\n\n<p><span class=\"post-content__span\"> Si la demanda de un bien aumenta, los precios tienden a aumentar, mientras que si la demanda disminuye el precio ser\u00e1 m\u00e1s bajo.&nbsp;<\/p>\n\n\n\n<p><span class=\"post-content__span\"> <strong>Precio en punto de equilibrio: <\/strong>Permite que exista una estabilidad en los precios cuando la cantidad de oferta y demanda est\u00e1n en igualdad de condiciones, es decir no existe un exceso de oferta o demanda en un mercado determinado. Es importante tener presente que el precio&nbsp;en el punto de equilibrio debe ser suficiente para cubrir los costos de producci\u00f3n del bien o de prestaci\u00f3n del servicio lo que significa que no hay p\u00e9rdidas ni ganancias.&nbsp;<\/p>\n\n\n\n<p><span class=\"post-content__span\"> <strong>Ejemplo:<\/strong> Durante la cuarentena ocasionada por la pandemia del coronavirus, el Gobierno Nacional permiti\u00f3 abrir establecimientos comerciales que vend\u00edan productos de primera necesidad; sin embargo para que estos pudieran funcionar correctamente se les exig\u00eda cumplir con protocolos de bioseguridad, uno de ellos era tomar la temperatura de todas las personas que ingresaran a los establecimientos sin ning\u00fan tipo de contacto f\u00edsico; repentinamente los term\u00f3metros digitales sin contacto fueron altamente demandados, y es que la necesidad de este producto naci\u00f3 de una situaci\u00f3n coyuntural y los productores e importadores no estaban preparados para atender esta gran cantidad demandada ya que era un producto con un uso muy espec\u00edfico.<\/p>\n\n\n\n<p><span class=\"post-content__span\"> Los empresarios en su af\u00e1n de generar ventas y abrir sus puertas a como diera lugar, estuvieron dispuestos a ofrecer altas sumas de dinero para poder adquirir estos artefactos que en ese periodo de tiempo eran muy escasos, y as\u00ed cumplir con las regulaciones del gobierno. El precio aument\u00f3 ya que la demanda era muy alta y la oferta escasa.<\/p>\n\n\n\n<p><span class=\"post-content__span\"> Algunas personas \u201cperspicaces\u201d vieron la situaci\u00f3n como una oportunidad de negocio infalible y se dedicaron a importar al pa\u00eds cu\u00e1ntas unidades de este producto les fuera posible; sin embargo, los tiempos de importaci\u00f3n fueron extensos, muchas de estas unidades proven\u00edan desde China, y al momento en que llegaron al pa\u00eds el gobierno hab\u00eda levantado muchas restricciones ya que los contagios disminu\u00edan cada vez m\u00e1s. La demanda de estos term\u00f3metros ya se hab\u00eda regulado, adem\u00e1s la oferta era mucho m\u00e1s amplia, por lo tanto, estas personas no tuvieron m\u00e1s remedio que vender los term\u00f3metros a precio pluma buscando por lo menos recuperar su inversi\u00f3n inicial.&nbsp;<\/p>\n\n\n\n<div style=\"height:80px\" aria-hidden=\"true\" class=\"wp-block-spacer\"><\/div>\n\n\n\n<div class=\"wp-block-columns is-layout-flex wp-container-core-columns-is-layout-9d6595d7 wp-block-columns-is-layout-flex\">\n<div class=\"wp-block-column is-layout-flow wp-block-column-is-layout-flow\">\n<div class=\"wp-block-buttons is-content-justification-right is-layout-flex wp-container-core-buttons-is-layout-765c4724 wp-block-buttons-is-layout-flex\">\n<div class=\"wp-block-button\"><a class=\"wp-block-button__link wp-element-button\" href=\"https:\/\/vicerrectorias.utp.edu.co\/administrativa\/macroeconomia-y-microeconomia\"><strong><span>2.2.\u00a0Macroeconom\u00eda y Microeconom\u00eda<\/span><\/strong><\/a><\/div>\n<\/div>\n<\/div>\n\n\n\n<div class=\"wp-block-column is-layout-flow wp-block-column-is-layout-flow\">\n<div class=\"wp-block-buttons is-layout-flex wp-block-buttons-is-layout-flex\">\n<div class=\"wp-block-button\"><a class=\"wp-block-button__link wp-element-button\" href=\"https:\/\/vicerrectorias.utp.edu.co\/administrativa\/por-que-es-importante-en-la-vida-cotidiana\"><strong><span>2.4.\u00a0Conceptos de oferta y demanda<\/span><\/strong><\/a><\/div>\n<\/div>\n<\/div>\n<\/div>\n\n\n\n<div class=\"wp-block-columns is-layout-flex wp-container-core-columns-is-layout-9d6595d7 wp-block-columns-is-layout-flex\"><\/div>\n","protected":false},"excerpt":{"rendered":"<p>2.3. OFERTA Y DEMANDA E INCIDENCIA DE LOS PRECIOS Los precios en un mercado se determinan a partir de las [&hellip;]<\/p>\n","protected":false},"author":1,"featured_media":884,"comment_status":"closed","ping_status":"closed","sticky":false,"template":"","format":"standard","meta":{"footnotes":""},"categories":[12],"tags":[],"class_list":["post-511","post","type-post","status-publish","format-standard","has-post-thumbnail","hentry","category-educacion-financiera"],"_links":{"self":[{"href":"https:\/\/vicerrectorias.utp.edu.co\/administrativa\/wp-json\/wp\/v2\/posts\/511","targetHints":{"allow":["GET"]}}],"collection":[{"href":"https:\/\/vicerrectorias.utp.edu.co\/administrativa\/wp-json\/wp\/v2\/posts"}],"about":[{"href":"https:\/\/vicerrectorias.utp.edu.co\/administrativa\/wp-json\/wp\/v2\/types\/post"}],"author":[{"embeddable":true,"href":"https:\/\/vicerrectorias.utp.edu.co\/administrativa\/wp-json\/wp\/v2\/users\/1"}],"replies":[{"embeddable":true,"href":"https:\/\/vicerrectorias.utp.edu.co\/administrativa\/wp-json\/wp\/v2\/comments?post=511"}],"version-history":[{"count":9,"href":"https:\/\/vicerrectorias.utp.edu.co\/administrativa\/wp-json\/wp\/v2\/posts\/511\/revisions"}],"predecessor-version":[{"id":971,"href":"https:\/\/vicerrectorias.utp.edu.co\/administrativa\/wp-json\/wp\/v2\/posts\/511\/revisions\/971"}],"wp:featuredmedia":[{"embeddable":true,"href":"https:\/\/vicerrectorias.utp.edu.co\/administrativa\/wp-json\/wp\/v2\/media\/884"}],"wp:attachment":[{"href":"https:\/\/vicerrectorias.utp.edu.co\/administrativa\/wp-json\/wp\/v2\/media?parent=511"}],"wp:term":[{"taxonomy":"category","embeddable":true,"href":"https:\/\/vicerrectorias.utp.edu.co\/administrativa\/wp-json\/wp\/v2\/categories?post=511"},{"taxonomy":"post_tag","embeddable":true,"href":"https:\/\/vicerrectorias.utp.edu.co\/administrativa\/wp-json\/wp\/v2\/tags?post=511"}],"curies":[{"name":"wp","href":"https:\/\/api.w.org\/{rel}","templated":true}]}}