{"id":501,"date":"2023-02-02T16:13:57","date_gmt":"2023-02-02T15:13:57","guid":{"rendered":""},"modified":"2024-09-11T17:49:24","modified_gmt":"2024-09-11T15:49:24","slug":"preguntas-frecuentes","status":"publish","type":"post","link":"https:\/\/vicerrectorias.utp.edu.co\/administrativa\/preguntas-frecuentes\/","title":{"rendered":"Preguntas frecuentes"},"content":{"rendered":"\n<p><span class=\"post-content__span\"> <strong>\u00bfSe dan apoyos para que los docentes realicen actividades por fuera de la Universidad Tecnol\u00f3gica de Pereira?:<\/strong><\/p>\n\n\n\n<p><span class=\"post-content__span\"> En la Universidad se autorizan vi\u00e1ticos y apoyos en el marco de dos (2) tipos de actividades, las Comisiones de Servicio para gesti\u00f3n y las Comisiones de Servicio para capacitaci\u00f3n. Las primeras responden a la asistencia a reuniones que permitan la proyecci\u00f3n de la Facultad y los programas, en las diversas l\u00edneas estrat\u00e9gicas que se hayan priorizado en los planes internos, estos se ejecutan por \u201cVi\u00e1ticos\u201d y se ha delegado la ordenaci\u00f3n en el Decano, y podr\u00e1n ser utilizados por quien ejerza la decanatura, los directores de programa o el docente que deleguen.<\/p>\n\n\n\n<p><span class=\"post-content__span\"> Las segundas est\u00e1n en el marco de la educaci\u00f3n no formal, recursos para los que se ha delegado tambi\u00e9n en quien ejerce la Decanatura la ordenaci\u00f3n, y cada Facultad establece como priorizarlo en el marco de las l\u00edneas de formaci\u00f3n que determinen para sus docentes.<\/p>\n\n\n\n<p><span class=\"post-content__span\"> Si&nbsp;la gesti\u00f3n o capacitaci\u00f3n se requiere para impulsar un proyecto de investigaci\u00f3n, laboratorio de prestaci\u00f3n de servicios o proyecto especial, los apoyos podr\u00e1n autorizarse dentro de los conceptos antes descritos, soportados en los ingresos del c\u00f3digo de proyecto correspondiente.<\/p>\n\n\n<div class=\"wp-block-image\">\n<figure class=\"aligncenter is-resized\"><img decoding=\"async\" src=\"https:\/\/media2.utp.edu.co\/imagenes\/Foto2%283%29.jpg\" alt=\"\" style=\"width:381px;height:auto\" \/><\/figure>\n<\/div>","protected":false},"excerpt":{"rendered":"<p>\u00bfSe dan apoyos para que los docentes realicen actividades por fuera de la Universidad Tecnol\u00f3gica de Pereira?: En la Universidad [&hellip;]<\/p>\n","protected":false},"author":1,"featured_media":894,"comment_status":"closed","ping_status":"closed","sticky":false,"template":"","format":"standard","meta":{"footnotes":""},"categories":[12],"tags":[],"class_list":["post-501","post","type-post","status-publish","format-standard","has-post-thumbnail","hentry","category-educacion-financiera"],"_links":{"self":[{"href":"https:\/\/vicerrectorias.utp.edu.co\/administrativa\/wp-json\/wp\/v2\/posts\/501","targetHints":{"allow":["GET"]}}],"collection":[{"href":"https:\/\/vicerrectorias.utp.edu.co\/administrativa\/wp-json\/wp\/v2\/posts"}],"about":[{"href":"https:\/\/vicerrectorias.utp.edu.co\/administrativa\/wp-json\/wp\/v2\/types\/post"}],"author":[{"embeddable":true,"href":"https:\/\/vicerrectorias.utp.edu.co\/administrativa\/wp-json\/wp\/v2\/users\/1"}],"replies":[{"embeddable":true,"href":"https:\/\/vicerrectorias.utp.edu.co\/administrativa\/wp-json\/wp\/v2\/comments?post=501"}],"version-history":[{"count":4,"href":"https:\/\/vicerrectorias.utp.edu.co\/administrativa\/wp-json\/wp\/v2\/posts\/501\/revisions"}],"predecessor-version":[{"id":811,"href":"https:\/\/vicerrectorias.utp.edu.co\/administrativa\/wp-json\/wp\/v2\/posts\/501\/revisions\/811"}],"wp:featuredmedia":[{"embeddable":true,"href":"https:\/\/vicerrectorias.utp.edu.co\/administrativa\/wp-json\/wp\/v2\/media\/894"}],"wp:attachment":[{"href":"https:\/\/vicerrectorias.utp.edu.co\/administrativa\/wp-json\/wp\/v2\/media?parent=501"}],"wp:term":[{"taxonomy":"category","embeddable":true,"href":"https:\/\/vicerrectorias.utp.edu.co\/administrativa\/wp-json\/wp\/v2\/categories?post=501"},{"taxonomy":"post_tag","embeddable":true,"href":"https:\/\/vicerrectorias.utp.edu.co\/administrativa\/wp-json\/wp\/v2\/tags?post=501"}],"curies":[{"name":"wp","href":"https:\/\/api.w.org\/{rel}","templated":true}]}}