{"id":481,"date":"2024-04-09T10:15:47","date_gmt":"2024-04-09T08:15:47","guid":{"rendered":""},"modified":"2024-09-11T17:25:58","modified_gmt":"2024-09-11T15:25:58","slug":"definicion-economia","status":"publish","type":"post","link":"https:\/\/vicerrectorias.utp.edu.co\/administrativa\/definicion-economia\/","title":{"rendered":"Definici\u00f3n Econom\u00eda"},"content":{"rendered":"\n<h3 class=\"wp-block-heading\"><strong><span>2.1 DEFINICI\u00d3N ECONOM\u00cdA.<\/span><\/strong><\/h3>\n\n\n\n<figure class=\"wp-block-embed is-type-video is-provider-youtube wp-block-embed-youtube wp-embed-aspect-16-9 wp-has-aspect-ratio\"><div class=\"wp-block-embed__wrapper\">\n<iframe loading=\"lazy\" title=\"2 1 DEFINICI\u00d3N ECONOM\u00cdA\" width=\"500\" height=\"281\" src=\"https:\/\/www.youtube.com\/embed\/Ln_fV18D6VI?feature=oembed\" frameborder=\"0\" allow=\"accelerometer; autoplay; clipboard-write; encrypted-media; gyroscope; picture-in-picture; web-share\" referrerpolicy=\"strict-origin-when-cross-origin\" allowfullscreen><\/iframe>\n<\/div><\/figure>\n\n\n\n<div style=\"height:20px\" aria-hidden=\"true\" class=\"wp-block-spacer\"><\/div>\n\n\n\n<p><span class=\"post-content__span\"> Si deseas ampliar tu conocimiento respecto al concepto de Econom\u00eda, te invitamos a ver el siguiente video del canal Educatina, all\u00ed se hablar\u00e1 de la primera vez que se ha documentado la utilizaci\u00f3n de este concepto en la historia de la civilizaci\u00f3n humana.<\/p>\n\n\n\n<figure class=\"wp-block-embed is-type-video is-provider-youtube wp-block-embed-youtube wp-embed-aspect-16-9 wp-has-aspect-ratio\"><div class=\"wp-block-embed__wrapper\">\n<iframe loading=\"lazy\" title=\"Concepto de Econom\u00eda | Educatina\" width=\"500\" height=\"281\" src=\"https:\/\/www.youtube.com\/embed\/DB9pjZRxBzs?feature=oembed\" frameborder=\"0\" allow=\"accelerometer; autoplay; clipboard-write; encrypted-media; gyroscope; picture-in-picture; web-share\" referrerpolicy=\"strict-origin-when-cross-origin\" allowfullscreen><\/iframe>\n<\/div><\/figure>\n\n\n\n<div style=\"height:78px\" aria-hidden=\"true\" class=\"wp-block-spacer\"><\/div>\n\n\n\n<div class=\"wp-block-columns is-layout-flex wp-container-core-columns-is-layout-9d6595d7 wp-block-columns-is-layout-flex\">\n<div class=\"wp-block-column is-layout-flow wp-block-column-is-layout-flow\">\n<div class=\"wp-block-buttons is-content-justification-right is-layout-flex wp-container-core-buttons-is-layout-765c4724 wp-block-buttons-is-layout-flex\">\n<div class=\"wp-block-button\"><a class=\"wp-block-button__link wp-element-button\" href=\"https:\/\/vicerrectorias.utp.edu.co\/administrativa\/proposito-empoderamiento-financiero\"><strong><span>1.3.\u00a0\u00bfCu\u00e1l\u00a0es el prop\u00f3sito de este proyecto en la UTP?<\/span><\/strong><\/a><\/div>\n<\/div>\n<\/div>\n\n\n\n<div class=\"wp-block-column is-layout-flow wp-block-column-is-layout-flow\">\n<div class=\"wp-block-buttons is-layout-flex wp-block-buttons-is-layout-flex\">\n<div class=\"wp-block-button\"><a class=\"wp-block-button__link wp-element-button\" href=\"https:\/\/vicerrectorias.utp.edu.co\/administrativa\/macroeconomia-y-microeconomia\"><strong><span>2.2.\u00a0Macroeconom\u00eda y Microeconom\u00eda<\/span><\/strong><\/a><\/div>\n<\/div>\n<\/div>\n<\/div>\n","protected":false},"excerpt":{"rendered":"<p>2.1 DEFINICI\u00d3N ECONOM\u00cdA. Si deseas ampliar tu conocimiento respecto al concepto de Econom\u00eda, te invitamos a ver el siguiente video [&hellip;]<\/p>\n","protected":false},"author":1,"featured_media":886,"comment_status":"closed","ping_status":"closed","sticky":false,"template":"","format":"standard","meta":{"footnotes":""},"categories":[12],"tags":[],"class_list":["post-481","post","type-post","status-publish","format-standard","has-post-thumbnail","hentry","category-educacion-financiera"],"_links":{"self":[{"href":"https:\/\/vicerrectorias.utp.edu.co\/administrativa\/wp-json\/wp\/v2\/posts\/481","targetHints":{"allow":["GET"]}}],"collection":[{"href":"https:\/\/vicerrectorias.utp.edu.co\/administrativa\/wp-json\/wp\/v2\/posts"}],"about":[{"href":"https:\/\/vicerrectorias.utp.edu.co\/administrativa\/wp-json\/wp\/v2\/types\/post"}],"author":[{"embeddable":true,"href":"https:\/\/vicerrectorias.utp.edu.co\/administrativa\/wp-json\/wp\/v2\/users\/1"}],"replies":[{"embeddable":true,"href":"https:\/\/vicerrectorias.utp.edu.co\/administrativa\/wp-json\/wp\/v2\/comments?post=481"}],"version-history":[{"count":8,"href":"https:\/\/vicerrectorias.utp.edu.co\/administrativa\/wp-json\/wp\/v2\/posts\/481\/revisions"}],"predecessor-version":[{"id":950,"href":"https:\/\/vicerrectorias.utp.edu.co\/administrativa\/wp-json\/wp\/v2\/posts\/481\/revisions\/950"}],"wp:featuredmedia":[{"embeddable":true,"href":"https:\/\/vicerrectorias.utp.edu.co\/administrativa\/wp-json\/wp\/v2\/media\/886"}],"wp:attachment":[{"href":"https:\/\/vicerrectorias.utp.edu.co\/administrativa\/wp-json\/wp\/v2\/media?parent=481"}],"wp:term":[{"taxonomy":"category","embeddable":true,"href":"https:\/\/vicerrectorias.utp.edu.co\/administrativa\/wp-json\/wp\/v2\/categories?post=481"},{"taxonomy":"post_tag","embeddable":true,"href":"https:\/\/vicerrectorias.utp.edu.co\/administrativa\/wp-json\/wp\/v2\/tags?post=481"}],"curies":[{"name":"wp","href":"https:\/\/api.w.org\/{rel}","templated":true}]}}