{"id":451,"date":"2024-04-09T10:11:06","date_gmt":"2024-04-09T08:11:06","guid":{"rendered":""},"modified":"2024-09-11T17:26:04","modified_gmt":"2024-09-11T15:26:04","slug":"empoderamiento-financiero","status":"publish","type":"post","link":"https:\/\/vicerrectorias.utp.edu.co\/administrativa\/empoderamiento-financiero\/","title":{"rendered":"Empoderamiento Financiero"},"content":{"rendered":"\n<h3 class=\"wp-block-heading\"><strong>1.1. EDUCACI\u00d3N FINANCIERA.<\/strong><\/h3>\n\n\n\n<h3 class=\"wp-block-heading\"><strong>1.1.1. \u00bfQu\u00e9&nbsp;es la Educaci\u00f3n Financiera?:<\/strong><\/h3>\n\n\n<div class=\"wp-block-image\">\n<figure class=\"aligncenter is-resized\"><img decoding=\"async\" src=\"https:\/\/vicerrectorias.utp.edu.co\/administrativa\/wp-content\/uploads\/sites\/10\/Tema%201%281%29.png\" alt=\"\" style=\"width:832px;height:auto\" \/><\/figure>\n<\/div>\n\n\n<p><span class=\"post-content__span\"> Para una mejor idea de lo que es la <span><strong>Educaci\u00f3n Financiera<\/strong><\/span>, invitamos a revisar el siguiente video:<\/p>\n\n\n\n<figure class=\"wp-block-embed is-type-video is-provider-youtube wp-block-embed-youtube wp-embed-aspect-16-9 wp-has-aspect-ratio\"><div class=\"wp-block-embed__wrapper\">\n<iframe loading=\"lazy\" title=\"\u00bfC\u00f3mo afecta la falta de educaci\u00f3n financiera al desarrollo del pa\u00eds? | Elaine Miranda | TEDxManagua\" width=\"500\" height=\"281\" src=\"https:\/\/www.youtube.com\/embed\/hmclmH_5Yu0?feature=oembed\" frameborder=\"0\" allow=\"accelerometer; autoplay; clipboard-write; encrypted-media; gyroscope; picture-in-picture; web-share\" referrerpolicy=\"strict-origin-when-cross-origin\" allowfullscreen><\/iframe>\n<\/div><\/figure>\n\n\n\n<p><span class=\"post-content__span\"> Charla TED: \u201c\u00bfC\u00f3mo afecta la falta de educaci\u00f3n financiera al desarrollo del pa\u00eds?\u201d de Eleain Miranda, creadora del primer blog de Finanzas Personales en Nicaragua (Plata con Pl\u00e1tica), con m\u00e1s de 22,000 seguidor es, el cual ha permitido brindar asesor\u00edas financieras con enfoque de coaching a nivel personal y empresarial.<\/p>\n\n\n\n<p><span class=\"post-content__span\"> El panorama aqu\u00ed descrito es com\u00fan en los pa\u00edses Latinoamericanos y por supuesto en Colombia.<\/p>\n\n\n\n<p><span class=\"post-content__span\"> Adicionalmente y con el \u00e1nimo de inspirar a toda la audiencia a darle la oportunidad al contenido de Educaci\u00f3n Financiera que seguiremos publicando, sugerimos revisar el siguiente video:<\/p>\n\n\n\n<figure class=\"wp-block-embed is-type-video is-provider-youtube wp-block-embed-youtube wp-embed-aspect-16-9 wp-has-aspect-ratio\"><div class=\"wp-block-embed__wrapper\">\n<iframe loading=\"lazy\" title=\"Tres competencias b\u00e1sicas para el futuro | Pablo Heinig | TEDxCordoba\" width=\"500\" height=\"281\" src=\"https:\/\/www.youtube.com\/embed\/cQVg1LfmGhE?feature=oembed\" frameborder=\"0\" allow=\"accelerometer; autoplay; clipboard-write; encrypted-media; gyroscope; picture-in-picture; web-share\" referrerpolicy=\"strict-origin-when-cross-origin\" allowfullscreen><\/iframe>\n<\/div><\/figure>\n\n\n\n<div style=\"height:76px\" aria-hidden=\"true\" class=\"wp-block-spacer\"><\/div>\n\n\n\n<div class=\"wp-block-buttons is-layout-flex wp-block-buttons-is-layout-flex\">\n<div class=\"wp-block-button\"><a class=\"wp-block-button__link wp-element-button\" href=\"https:\/\/vicerrectorias.utp.edu.co\/administrativa\/conciencia-financiera\"><span><strong>1.2. Conciencia financiera<\/strong><\/span><\/a><\/div>\n<\/div>\n","protected":false},"excerpt":{"rendered":"<p>1.1. EDUCACI\u00d3N FINANCIERA. 1.1.1. \u00bfQu\u00e9&nbsp;es la Educaci\u00f3n Financiera?: Para una mejor idea de lo que es la Educaci\u00f3n Financiera, invitamos [&hellip;]<\/p>\n","protected":false},"author":1,"featured_media":887,"comment_status":"closed","ping_status":"closed","sticky":false,"template":"","format":"standard","meta":{"footnotes":""},"categories":[12],"tags":[],"class_list":["post-451","post","type-post","status-publish","format-standard","has-post-thumbnail","hentry","category-educacion-financiera"],"_links":{"self":[{"href":"https:\/\/vicerrectorias.utp.edu.co\/administrativa\/wp-json\/wp\/v2\/posts\/451","targetHints":{"allow":["GET"]}}],"collection":[{"href":"https:\/\/vicerrectorias.utp.edu.co\/administrativa\/wp-json\/wp\/v2\/posts"}],"about":[{"href":"https:\/\/vicerrectorias.utp.edu.co\/administrativa\/wp-json\/wp\/v2\/types\/post"}],"author":[{"embeddable":true,"href":"https:\/\/vicerrectorias.utp.edu.co\/administrativa\/wp-json\/wp\/v2\/users\/1"}],"replies":[{"embeddable":true,"href":"https:\/\/vicerrectorias.utp.edu.co\/administrativa\/wp-json\/wp\/v2\/comments?post=451"}],"version-history":[{"count":7,"href":"https:\/\/vicerrectorias.utp.edu.co\/administrativa\/wp-json\/wp\/v2\/posts\/451\/revisions"}],"predecessor-version":[{"id":933,"href":"https:\/\/vicerrectorias.utp.edu.co\/administrativa\/wp-json\/wp\/v2\/posts\/451\/revisions\/933"}],"wp:featuredmedia":[{"embeddable":true,"href":"https:\/\/vicerrectorias.utp.edu.co\/administrativa\/wp-json\/wp\/v2\/media\/887"}],"wp:attachment":[{"href":"https:\/\/vicerrectorias.utp.edu.co\/administrativa\/wp-json\/wp\/v2\/media?parent=451"}],"wp:term":[{"taxonomy":"category","embeddable":true,"href":"https:\/\/vicerrectorias.utp.edu.co\/administrativa\/wp-json\/wp\/v2\/categories?post=451"},{"taxonomy":"post_tag","embeddable":true,"href":"https:\/\/vicerrectorias.utp.edu.co\/administrativa\/wp-json\/wp\/v2\/tags?post=451"}],"curies":[{"name":"wp","href":"https:\/\/api.w.org\/{rel}","templated":true}]}}