{"id":1604,"date":"2026-01-27T20:14:16","date_gmt":"2026-01-27T19:14:16","guid":{"rendered":"https:\/\/vicerrectorias.utp.edu.co\/administrativa\/?p=1604"},"modified":"2026-04-28T18:14:00","modified_gmt":"2026-04-28T16:14:00","slug":"formalizacion-laboral","status":"publish","type":"post","link":"https:\/\/vicerrectorias.utp.edu.co\/administrativa\/formalizacion-laboral\/","title":{"rendered":"Formalizaci\u00f3n Laboral"},"content":{"rendered":"\n<p><span class=\"post-content__span\"> El Gobierno Nacional expidi\u00f3 el <a href=\"https:\/\/vicerrectorias.utp.edu.co\/administrativa\/wp-content\/uploads\/sites\/10\/Decreto_391_de_2025.pdf\" target=\"_blank\" rel=\"noreferrer noopener\">Decreto 0391 de 2025<\/a>, por medio del cual\u00a0<strong>se establecen los elementos m\u00ednimos para el dise\u00f1o e implementaci\u00f3n de los planes de formalizaci\u00f3n laboral en las Instituciones de Educaci\u00f3n Superior Estatales u Oficiales<\/strong>, por tal raz\u00f3n,\u00a0la Instituci\u00f3n estableci\u00f3 unos pasos estrat\u00e9gicos para la formulaci\u00f3n y aprobaci\u00f3n del Plan, as\u00ed:<\/p>\n\n\n<div class=\"wp-block-image is-style-default\">\n<figure class=\"aligncenter size-large is-resized\"><img loading=\"lazy\" decoding=\"async\" width=\"1024\" height=\"577\" src=\"https:\/\/vicerrectorias.utp.edu.co\/administrativa\/wp-content\/uploads\/sites\/10\/Imagen-Ruta-PFL-1024x577.png\" alt=\"Ruta de la Formalizaci\u00f3n Laboral en la UTP\" class=\"wp-image-1763\" style=\"aspect-ratio:1.774726000264096;width:714px;height:auto\" srcset=\"https:\/\/vicerrectorias.utp.edu.co\/administrativa\/wp-content\/uploads\/sites\/10\/Imagen-Ruta-PFL-1024x577.png 1024w, https:\/\/vicerrectorias.utp.edu.co\/administrativa\/wp-content\/uploads\/sites\/10\/Imagen-Ruta-PFL-300x169.png 300w, https:\/\/vicerrectorias.utp.edu.co\/administrativa\/wp-content\/uploads\/sites\/10\/Imagen-Ruta-PFL-768x433.png 768w, https:\/\/vicerrectorias.utp.edu.co\/administrativa\/wp-content\/uploads\/sites\/10\/Imagen-Ruta-PFL-1536x866.png 1536w, https:\/\/vicerrectorias.utp.edu.co\/administrativa\/wp-content\/uploads\/sites\/10\/Imagen-Ruta-PFL.png 1913w\" sizes=\"auto, (max-width: 1024px) 100vw, 1024px\" \/><\/figure>\n<\/div>\n\n\n<p><span class=\"post-content__span\"> En esta p\u00e1gina, encontrar\u00e1n la informaci\u00f3n correspondiente al Plan de Formalizaci\u00f3n Laboral de la UTP, la cual permitir\u00e1 ahondar en cada una de los pasos establecidos para ello.<\/p>\n\n\n\n<p><span class=\"post-content__span\"> Previo a cada paso, es importante tener en cuenta el marco normativo que aplica a la Instituci\u00f3n y contribuye al cumplimiento del Plan de Formalizaci\u00f3n Laboral de la Universidad.<\/p>\n\n\n\n<h2 class=\"wp-block-heading\">Marco Normativo<\/h2>\n\n\n\n<p><span class=\"post-content__span\"> Con el fin de realizar una adecuada implementaci\u00f3n del Decreto 0391 de 2025 en la Instituci\u00f3n, se hizo necesario llevar a cabo la revisi\u00f3n de las diferentes disposiciones constitucionales, legales, reglamentarias e institucionales que regulan la autonom\u00eda universitaria, la organizaci\u00f3n del empleo p\u00fablico, la identificaci\u00f3n de necesidades del personal docente y administrativo, as\u00ed como la definici\u00f3n de la capacidad financiera que soporte las modificaciones o ajustes a las plantas de cargo en las Instituciones de Educaci\u00f3n Superior Estatales u Oficiales.  <\/p>\n\n\n\n<p><span class=\"post-content__span\"> En este sentido, se consolidaron estas disposiciones en un marco normativo que hace parte del documento t\u00e9cnico que soporta el Plan de Formalizaci\u00f3n Laboral en la Universidad Tecnol\u00f3gica de Pereira. Informaci\u00f3n que se muestra en el enlace denominado Marco Normativo o para mayor profundidad en el <strong><a href=\"https:\/\/vicerrectorias.utp.edu.co\/administrativa\/wp-content\/uploads\/sites\/10\/CAPITULO-I-MARCO-NORMATIVO.pdf\" target=\"_blank\" rel=\"noreferrer noopener\">Cap\u00edtulo I: Marco normativo<\/a>,<\/strong> as\u00ed como en el numeral 3.2 Normatividad aplicable en materia presupuestal del <a href=\"https:\/\/vicerrectorias.utp.edu.co\/administrativa\/wp-content\/uploads\/sites\/10\/CAPITULO-III-ANALISIS-DEL-IMPACTO-FINANCIERO.pdf\" target=\"_blank\" rel=\"noreferrer noopener\"><strong>Cap\u00edtulo III: An\u00e1lisis del Impacto Financiero<\/strong><\/a>, que se presenta en la parte inferior de esta p\u00e1gina.<\/p>\n\n\n\n<p><span class=\"post-content__span\"> <strong><strong><a href=\"https:\/\/vicerrectorias.utp.edu.co\/administrativa\/wp-content\/uploads\/sites\/10\/Marco-Legal-formalizacion-laboral-.pdf\" target=\"_blank\" rel=\"noreferrer noopener\">Marco Normativo<\/a><\/strong> <\/strong><\/p>\n\n\n<div class=\"wp-block-image\">\n<figure class=\"aligncenter size-large is-resized\"><img loading=\"lazy\" decoding=\"async\" width=\"1024\" height=\"576\" src=\"https:\/\/vicerrectorias.utp.edu.co\/administrativa\/wp-content\/uploads\/sites\/10\/Normograma-1-1024x576.png\" alt=\"\" class=\"wp-image-1800\" style=\"width:681px;height:auto\" srcset=\"https:\/\/vicerrectorias.utp.edu.co\/administrativa\/wp-content\/uploads\/sites\/10\/Normograma-1-1024x576.png 1024w, https:\/\/vicerrectorias.utp.edu.co\/administrativa\/wp-content\/uploads\/sites\/10\/Normograma-1-300x169.png 300w, https:\/\/vicerrectorias.utp.edu.co\/administrativa\/wp-content\/uploads\/sites\/10\/Normograma-1-768x432.png 768w, https:\/\/vicerrectorias.utp.edu.co\/administrativa\/wp-content\/uploads\/sites\/10\/Normograma-1-1536x864.png 1536w, https:\/\/vicerrectorias.utp.edu.co\/administrativa\/wp-content\/uploads\/sites\/10\/Normograma-1.png 1919w\" sizes=\"auto, (max-width: 1024px) 100vw, 1024px\" \/><\/figure>\n<\/div>\n\n\n<div style=\"height:60px\" aria-hidden=\"true\" class=\"wp-block-spacer\"><\/div>\n\n\n\n<h2 class=\"wp-block-heading\"><strong>Paso 1. Espacios de contextualizaci\u00f3n<\/strong><\/h2>\n\n\n\n<p><span class=\"post-content__span\"> En este paso se presentan las diferentes estrategias de contextualizaci\u00f3n realizadas por parte de la Universidad con sus grupos de inter\u00e9s, dentro de las cuales se comparti\u00f3 informaci\u00f3n relevante sobre su situaci\u00f3n financiera, as\u00ed como del alcance del proceso de formalizaci\u00f3n laboral en la Instituci\u00f3n, para lo cual, se desarrollaron reuniones con docentes, administrativos, directivos y organizaciones sindicales, con el prop\u00f3sito de aclarar dudas y promover la comprensi\u00f3n del tema.<\/p>\n\n\n\n<div style=\"height:38px\" aria-hidden=\"true\" class=\"wp-block-spacer\"><\/div>\n\n\n<div class=\"wp-block-image\">\n<figure class=\"aligncenter size-large is-resized\"><img loading=\"lazy\" decoding=\"async\" width=\"1024\" height=\"576\" src=\"https:\/\/vicerrectorias.utp.edu.co\/administrativa\/wp-content\/uploads\/sites\/10\/Contextualziacion-actores-1024x576.png\" alt=\"\" class=\"wp-image-1784\" style=\"width:670px;height:auto\" srcset=\"https:\/\/vicerrectorias.utp.edu.co\/administrativa\/wp-content\/uploads\/sites\/10\/Contextualziacion-actores-1024x576.png 1024w, https:\/\/vicerrectorias.utp.edu.co\/administrativa\/wp-content\/uploads\/sites\/10\/Contextualziacion-actores-300x169.png 300w, https:\/\/vicerrectorias.utp.edu.co\/administrativa\/wp-content\/uploads\/sites\/10\/Contextualziacion-actores-768x432.png 768w, https:\/\/vicerrectorias.utp.edu.co\/administrativa\/wp-content\/uploads\/sites\/10\/Contextualziacion-actores-1536x864.png 1536w, https:\/\/vicerrectorias.utp.edu.co\/administrativa\/wp-content\/uploads\/sites\/10\/Contextualziacion-actores.png 1919w\" sizes=\"auto, (max-width: 1024px) 100vw, 1024px\" \/><\/figure>\n<\/div>\n\n\n<div style=\"height:39px\" aria-hidden=\"true\" class=\"wp-block-spacer\"><\/div>\n\n\n\n<p><span class=\"post-content__span\"> Bajo este contexto, los invitamos a continuaci\u00f3n, a ver tres (3) v\u00eddeos grabados como estrategia de difusi\u00f3n, para que la comunicad universitaria cuente con informaci\u00f3n intitucional en el marco del proceso de formalizaci\u00f3n laboral, con los siguientes temas:<\/p>\n\n\n\n<div style=\"height:40px\" aria-hidden=\"true\" class=\"wp-block-spacer\"><\/div>\n\n\n\n<div class=\"wp-block-columns is-layout-flex wp-container-core-columns-is-layout-9d6595d7 wp-block-columns-is-layout-flex\">\n<div class=\"wp-block-column is-layout-flow wp-block-column-is-layout-flow\">\n<p class=\"has-text-align-center\"><span class=\"post-content__span\"> <a href=\"https:\/\/youtu.be\/FK66Q6EbU60\" target=\"_blank\" rel=\"noreferrer noopener\"><strong>V\u00eddeo 1:<\/strong> <\/a>Informaci\u00f3n sobre la financiaci\u00f3n de la UTP y dem\u00e1s universidades p\u00fablicas.<\/p>\n<\/div>\n\n\n\n<div class=\"wp-block-column is-layout-flow wp-block-column-is-layout-flow\">\n<p class=\"has-text-align-center\"><span class=\"post-content__span\"> <strong><a href=\"https:\/\/youtu.be\/f1dLAWPgJw4\" target=\"_blank\" rel=\"noreferrer noopener\">V\u00eddeo 2:<\/a><\/strong> Distribuci\u00f3n de los recursos adicionales de las universidades.<\/p>\n<\/div>\n\n\n\n<div class=\"wp-block-column is-layout-flow wp-block-column-is-layout-flow\">\n<p class=\"has-text-align-center\"><span class=\"post-content__span\"> <strong><a href=\"https:\/\/youtu.be\/klLiWTZBcxI\" target=\"_blank\" rel=\"noreferrer noopener\">V\u00eddeo 3:<\/a> <\/strong>Dise\u00f1o e implementaci\u00f3n de los planes de formalizaci\u00f3n en el marco del Decreto 0391 de 2025.<\/p>\n<\/div>\n<\/div>\n\n\n\n<div class=\"wp-block-columns is-layout-flex wp-container-core-columns-is-layout-9d6595d7 wp-block-columns-is-layout-flex\">\n<div class=\"wp-block-column is-layout-flow wp-block-column-is-layout-flow\">\n<figure class=\"wp-block-gallery has-nested-images columns-default is-cropped wp-block-gallery-1 is-layout-flex wp-block-gallery-is-layout-flex\">\n<figure class=\"wp-block-image size-large\"><a href=\"https:\/\/youtu.be\/FK66Q6EbU60\" target=\"_blank\" rel=\" noreferrer noopener\"><img loading=\"lazy\" decoding=\"async\" width=\"1024\" height=\"494\" data-id=\"1797\" src=\"https:\/\/vicerrectorias.utp.edu.co\/administrativa\/wp-content\/uploads\/sites\/10\/Video-1-1024x494.png\" alt=\"\" class=\"wp-image-1797\" srcset=\"https:\/\/vicerrectorias.utp.edu.co\/administrativa\/wp-content\/uploads\/sites\/10\/Video-1-1024x494.png 1024w, https:\/\/vicerrectorias.utp.edu.co\/administrativa\/wp-content\/uploads\/sites\/10\/Video-1-300x145.png 300w, https:\/\/vicerrectorias.utp.edu.co\/administrativa\/wp-content\/uploads\/sites\/10\/Video-1-768x370.png 768w, https:\/\/vicerrectorias.utp.edu.co\/administrativa\/wp-content\/uploads\/sites\/10\/Video-1-1536x741.png 1536w, https:\/\/vicerrectorias.utp.edu.co\/administrativa\/wp-content\/uploads\/sites\/10\/Video-1.png 1835w\" sizes=\"auto, (max-width: 1024px) 100vw, 1024px\" \/><\/a><\/figure>\n<\/figure>\n<\/div>\n\n\n\n<div class=\"wp-block-column is-layout-flow wp-block-column-is-layout-flow\">\n<figure class=\"wp-block-image size-large\"><a href=\"https:\/\/youtu.be\/f1dLAWPgJw4\" target=\"_blank\" rel=\" noreferrer noopener\"><img loading=\"lazy\" decoding=\"async\" width=\"1024\" height=\"492\" src=\"https:\/\/vicerrectorias.utp.edu.co\/administrativa\/wp-content\/uploads\/sites\/10\/Video-2-1024x492.png\" alt=\"\" class=\"wp-image-1798\" srcset=\"https:\/\/vicerrectorias.utp.edu.co\/administrativa\/wp-content\/uploads\/sites\/10\/Video-2-1024x492.png 1024w, https:\/\/vicerrectorias.utp.edu.co\/administrativa\/wp-content\/uploads\/sites\/10\/Video-2-300x144.png 300w, https:\/\/vicerrectorias.utp.edu.co\/administrativa\/wp-content\/uploads\/sites\/10\/Video-2-768x369.png 768w, https:\/\/vicerrectorias.utp.edu.co\/administrativa\/wp-content\/uploads\/sites\/10\/Video-2-1536x738.png 1536w, https:\/\/vicerrectorias.utp.edu.co\/administrativa\/wp-content\/uploads\/sites\/10\/Video-2.png 1834w\" sizes=\"auto, (max-width: 1024px) 100vw, 1024px\" \/><\/a><\/figure>\n<\/div>\n\n\n\n<div class=\"wp-block-column is-layout-flow wp-block-column-is-layout-flow\">\n<figure class=\"wp-block-image size-large\"><a href=\"https:\/\/youtu.be\/klLiWTZBcxI\" target=\"_blank\" rel=\" noreferrer noopener\"><img loading=\"lazy\" decoding=\"async\" width=\"1024\" height=\"492\" src=\"https:\/\/vicerrectorias.utp.edu.co\/administrativa\/wp-content\/uploads\/sites\/10\/Video-3-1024x492.png\" alt=\"\" class=\"wp-image-1799\" srcset=\"https:\/\/vicerrectorias.utp.edu.co\/administrativa\/wp-content\/uploads\/sites\/10\/Video-3-1024x492.png 1024w, https:\/\/vicerrectorias.utp.edu.co\/administrativa\/wp-content\/uploads\/sites\/10\/Video-3-300x144.png 300w, https:\/\/vicerrectorias.utp.edu.co\/administrativa\/wp-content\/uploads\/sites\/10\/Video-3-768x369.png 768w, https:\/\/vicerrectorias.utp.edu.co\/administrativa\/wp-content\/uploads\/sites\/10\/Video-3-1536x739.png 1536w, https:\/\/vicerrectorias.utp.edu.co\/administrativa\/wp-content\/uploads\/sites\/10\/Video-3.png 1834w\" sizes=\"auto, (max-width: 1024px) 100vw, 1024px\" \/><\/a><\/figure>\n<\/div>\n<\/div>\n\n\n\n<div style=\"height:60px\" aria-hidden=\"true\" class=\"wp-block-spacer\"><\/div>\n\n\n\n<h2 class=\"wp-block-heading\">Paso 2: Consolidaci\u00f3n de insumos t\u00e9cnicos requeridos para la estructuraci\u00f3n del Plan de Formalizaci\u00f3n Laboral:<\/h2>\n\n\n\n<p><span class=\"post-content__span\"> En el paso 2, encontrar\u00e1n la informaci\u00f3n relacionada con los estudios t\u00e9cnicos implementados para identificar los insumos requeridos por el Decreto relacionados con la necesidades del personal docente y administrativo y el an\u00e1lisis financiero y de capacidad institucional. Para mayor informaci\u00f3n, puede profundizar en el <a href=\"https:\/\/vicerrectorias.utp.edu.co\/administrativa\/wp-content\/uploads\/sites\/10\/CAPITULO-II-IDENTIFICACION-DE-NECESIDADES-DE-PERSONAL.pdf\" target=\"_blank\" rel=\"noreferrer noopener\">cap\u00edtulo II <\/a>del anexo t\u00e9cnico.<\/p>\n\n\n\n<p><span class=\"post-content__span\"> <a href=\"https:\/\/vicerrectorias.utp.edu.co\/administrativa\/wp-content\/uploads\/sites\/10\/Insumos-tecnico-formalizacion-laboral-.pdf\" target=\"_blank\" rel=\"noreferrer noopener\"><strong>Presentaci\u00f3n Paso 2: Insumos t\u00e9cnicos &#8211; Formalizaci\u00f3n Laboral<\/strong><\/a><\/p>\n\n\n\n<div style=\"height:60px\" aria-hidden=\"true\" class=\"wp-block-spacer\"><\/div>\n\n\n\n<h2 class=\"wp-block-heading\">Paso 3: Participaci\u00f3n de las organizaciones Sindicales.<\/h2>\n\n\n\n<p><span class=\"post-content__span\"> En cumplimiento con lo establecido en el art\u00edculo 2.5.4.5.8 del Decreto 0391 de 2025, la Universidad Tecnol\u00f3gica de Pereira estructur\u00f3 e implement\u00f3 una ruta en la cual se generaron espacios para la participaci\u00f3n de las organizaciones sindicales ASPU, ASDO, SINTRAUNICOL y USCTRAB, que cuentan con afiliados sindicales de la Universidad. Cuya informaci\u00f3n puede ser consultada en el siguiente enlace: <strong><a href=\"https:\/\/vicerrectorias.utp.edu.co\/administrativa\/wp-content\/uploads\/sites\/10\/Participacion-Organizaciones-Sindicales-formalizacion-laboral-_compressed.pdf\" target=\"_blank\" rel=\"noreferrer noopener\">Presentaci\u00f3n Paso 3: Participaci\u00f3n Organizaciones Sindicales &#8211; Formalizaci\u00f3n Laboral<\/a><\/strong><a href=\"https:\/\/vicerrectorias.utp.edu.co\/administrativa\/wp-content\/uploads\/sites\/10\/Insumos-tecnico-formalizacion-laboral-.pdf\"><\/a><\/p>\n\n\n\n<div style=\"height:60px\" aria-hidden=\"true\" class=\"wp-block-spacer\"><\/div>\n\n\n\n<h2 class=\"wp-block-heading\">Paso 4: Definici\u00f3n de perfiles de cargos incluidos<\/h2>\n\n\n\n<p><span class=\"post-content__span\"> <strong>Perfil general de cargos docentes: <\/strong>Los perfiles de los cargos docentes a proveer ser\u00e1n definidos por los Consejos de Facultad, en coherencia con lo establecido por el Estatuto Docente, para lo cual se tendr\u00e1n en cuenta el contenido m\u00ednimo definido en los art\u00edculos 4, 5, 6 y 7 del Acuerdo No. 31 del 2 de octubre de 2019, por medio del cual el Consejo Superior Universitario reglament\u00f3 el Acuerdo No. 24 de 2019, el cual modific\u00f3 los art\u00edculos 26 y 27 del Estatuto Docente. Para mayor informaci\u00f3n consultar el <a href=\"https:\/\/vicerrectorias.utp.edu.co\/administrativa\/wp-content\/uploads\/sites\/10\/CAPITULO-II-IDENTIFICACION-DE-NECESIDADES-DE-PERSONAL.pdf\" target=\"_blank\" rel=\"noreferrer noopener\">Cap\u00edtulo II<\/a> en su numeral 2.5.1.<\/p>\n\n\n\n<p><span class=\"post-content__span\"> <strong>Perfiles de cargos administrativos:<\/strong> Los perfiles de los cargos administrativos a proveer en lo relacionado con educaci\u00f3n b\u00e1sica, educaci\u00f3n posgraduada, experiencia y competencias, ser\u00e1n los contenidos en el manual espec\u00edfico de funciones y competencias laborales que para el efecto sean adoptados a trav\u00e9s de la Resoluci\u00f3n de Rector\u00eda correspondiente, de conformidad con la autorizaci\u00f3n realizada por el Consejo Superior Universitario por medio del Acuerdo No. 10 del 7 de abril de 2015.<\/p>\n\n\n\n<p><span class=\"post-content__span\"> Estos perfiles ser\u00e1n definidos de acuerdo con el nivel y grado del cargo a proveer y en coherencia con lo establecido en el T\u00edtulo II del Decreto \u00fanico Reglamentario del Sector de la Funci\u00f3n P\u00fablica No. 1083 de 2015 y dem\u00e1s normas que lo complementen o lo sustituyan, aplicable a los Entes Universitarios Aut\u00f3nomos, en lo relacionado con los requisitos generales para los empleos p\u00fablicos de los diferentes niveles jer\u00e1rquicos, el cual adoptado por la Universidad por medio de la Resoluci\u00f3n de Rector\u00eda No. 4337 del 17 de julio de 2017. Para mayor informaci\u00f3n consultar el <a href=\"https:\/\/vicerrectorias.utp.edu.co\/administrativa\/wp-content\/uploads\/sites\/10\/CAPITULO-II-IDENTIFICACION-DE-NECESIDADES-DE-PERSONAL.pdf\" target=\"_blank\" rel=\"noreferrer noopener\">Cap\u00edtulo II<\/a> en su numeral 2.5.2.<\/p>\n\n\n\n<div style=\"height:60px\" aria-hidden=\"true\" class=\"wp-block-spacer\"><\/div>\n\n\n\n<h2 class=\"wp-block-heading\">Paso 5: Presentaci\u00f3n de estudio t\u00e9cnico y avances<\/h2>\n\n\n\n<p><span class=\"post-content__span\"> En este sentido, se le present\u00f3 el 25 de marzo de 2026 al Consejo Superior Universitario, las metodolog\u00edas de identificaci\u00f3n de necesidades docentes administrativas, todo el impacto financiero de la Instituci\u00f3n, as\u00ed como los perfiles gen\u00e9ricos requeridos como resultado general del Plan de Formalizaci\u00f3n Laboral. Avance que fue remitido al Ministerio de Educaci\u00f3n Nacional por parte de dicho Consejo, a trav\u00e9s del siguiente comunicado. Dar click <a href=\"https:\/\/comunicaciones.utp.edu.co\/106649\/comunicados\/comunicado-del-consejo-superior-universitario\/\" target=\"_blank\" rel=\"noreferrer noopener\">aqu\u00ed<\/a>.<\/p>\n\n\n\n<div style=\"height:60px\" aria-hidden=\"true\" class=\"wp-block-spacer\"><\/div>\n\n\n\n<h2 class=\"wp-block-heading\">Paso 6: Aprobaci\u00f3n del Plan de Formalizaci\u00f3n Laboral por parte del Consejo Superior Universitario<\/h2>\n\n\n<div class=\"wp-block-image\">\n<figure class=\"aligncenter size-large is-resized\"><img loading=\"lazy\" decoding=\"async\" width=\"997\" height=\"1024\" src=\"https:\/\/vicerrectorias.utp.edu.co\/administrativa\/wp-content\/uploads\/sites\/10\/roa-997x1024.jpg\" alt=\"\" class=\"wp-image-1789\" style=\"aspect-ratio:0.9736484650910079;width:476px;height:auto\" srcset=\"https:\/\/vicerrectorias.utp.edu.co\/administrativa\/wp-content\/uploads\/sites\/10\/roa-997x1024.jpg 997w, https:\/\/vicerrectorias.utp.edu.co\/administrativa\/wp-content\/uploads\/sites\/10\/roa-292x300.jpg 292w, https:\/\/vicerrectorias.utp.edu.co\/administrativa\/wp-content\/uploads\/sites\/10\/roa-768x789.jpg 768w, https:\/\/vicerrectorias.utp.edu.co\/administrativa\/wp-content\/uploads\/sites\/10\/roa-1496x1536.jpg 1496w, https:\/\/vicerrectorias.utp.edu.co\/administrativa\/wp-content\/uploads\/sites\/10\/roa-1995x2048.jpg 1995w\" sizes=\"auto, (max-width: 997px) 100vw, 997px\" \/><\/figure>\n<\/div>\n\n\n<div style=\"height:50px\" aria-hidden=\"true\" class=\"wp-block-spacer\"><\/div>\n\n\n\n<p><span class=\"post-content__span\"> El Consejo Superior Universitario en sesi\u00f3n realizada el 14 de abril de 2026, aprob\u00f3 el Plan de Formalizaci\u00f3n Laboral de la Univesidad, mediante el Acuerdo No 45, el cual puede ver en el siguiente enlace <a href=\"https:\/\/vicerrectorias.utp.edu.co\/administrativa\/wp-content\/uploads\/sites\/10\/Acuerdo-CSU-No.45-de-14-04-2026.-Firmado.pdf\" target=\"_blank\" rel=\"noreferrer noopener\"><strong><em>Acuerdo No 45 del 14 de abril de 2026.<\/em><\/strong><\/a><\/p>\n\n\n\n<p><span class=\"post-content__span\"> De igual forma, en cumplimiento del Decreto se presenta a continuaci\u00f3n la forma como se har\u00e1 la provisi\u00f3n de los empleos viabilizados por parte del Consejo Superior Universitario.<\/p>\n\n\n\n<div style=\"height:60px\" aria-hidden=\"true\" class=\"wp-block-spacer\"><\/div>\n\n\n\n<h2 class=\"wp-block-heading\">Provisi\u00f3n de empleos en el marco de la Formalizaci\u00f3n Laboral<\/h2>\n\n\n<div class=\"wp-block-image\">\n<figure class=\"aligncenter size-medium\"><img loading=\"lazy\" decoding=\"async\" width=\"300\" height=\"168\" src=\"https:\/\/vicerrectorias.utp.edu.co\/administrativa\/wp-content\/uploads\/sites\/10\/Provision-de-empleos-300x168.png\" alt=\"\" class=\"wp-image-1772\" srcset=\"https:\/\/vicerrectorias.utp.edu.co\/administrativa\/wp-content\/uploads\/sites\/10\/Provision-de-empleos-300x168.png 300w, https:\/\/vicerrectorias.utp.edu.co\/administrativa\/wp-content\/uploads\/sites\/10\/Provision-de-empleos-1024x574.png 1024w, https:\/\/vicerrectorias.utp.edu.co\/administrativa\/wp-content\/uploads\/sites\/10\/Provision-de-empleos-768x431.png 768w, https:\/\/vicerrectorias.utp.edu.co\/administrativa\/wp-content\/uploads\/sites\/10\/Provision-de-empleos-1536x862.png 1536w, https:\/\/vicerrectorias.utp.edu.co\/administrativa\/wp-content\/uploads\/sites\/10\/Provision-de-empleos.png 1918w\" sizes=\"auto, (max-width: 300px) 100vw, 300px\" \/><\/figure>\n<\/div>\n\n\n<div style=\"height:49px\" aria-hidden=\"true\" class=\"wp-block-spacer\"><\/div>\n\n\n\n<p><span class=\"post-content__span\"> Al dar click en el siguiente enlace <strong><a href=\"https:\/\/vicerrectorias.utp.edu.co\/administrativa\/wp-content\/uploads\/sites\/10\/Provision-de-Empleos-formalizacion-laboral-.pdf\" target=\"_blank\" rel=\"noreferrer noopener\">Provisi\u00f3n de empleos &#8211; Formalizaci\u00f3n Laboral<\/a><\/strong> podr\u00e1 encontrar la informaci\u00f3n presentada al Consejo Superior Universitario.<\/p>\n\n\n\n<p><span class=\"post-content__span\"> <\/p>\n\n\n\n<h2 class=\"wp-block-heading\">Documento T\u00e9cnico &#8211; Plan de Formalizaci\u00f3n Laboral &#8211; <\/h2>\n\n\n\n<p><span class=\"post-content__span\"> Como parte del cumplimiento del <strong><a href=\"https:\/\/vicerrectorias.utp.edu.co\/administrativa\/wp-content\/uploads\/sites\/10\/Acuerdo-CSU-No.45-de-14-04-2026.-Firmado.pdf\">Decreto 0391 de 2025<\/a><\/strong>, el Consejo Superior Universitario aprob\u00f3 el <strong>Plan de Formalizaci\u00f3n Laboral<\/strong>, respaldado por un documento t\u00e9cnico. En este espacio compartimos el <strong>documento final del estudio t\u00e9cnico<\/strong>, presentado ante el <strong>Ministerio de Educaci\u00f3n Nacional<\/strong>.<\/p>\n\n\n<div class=\"wp-block-image is-style-default\">\n<figure class=\"aligncenter size-full is-resized\"><img loading=\"lazy\" decoding=\"async\" width=\"632\" height=\"818\" src=\"https:\/\/vicerrectorias.utp.edu.co\/administrativa\/wp-content\/uploads\/sites\/10\/Portada-1.png\" alt=\"\" class=\"wp-image-1754\" style=\"aspect-ratio:0.7726404555119103;width:253px;height:auto\" srcset=\"https:\/\/vicerrectorias.utp.edu.co\/administrativa\/wp-content\/uploads\/sites\/10\/Portada-1.png 632w, https:\/\/vicerrectorias.utp.edu.co\/administrativa\/wp-content\/uploads\/sites\/10\/Portada-1-232x300.png 232w\" sizes=\"auto, (max-width: 632px) 100vw, 632px\" \/><\/figure>\n<\/div>\n\n\n<div style=\"height:63px\" aria-hidden=\"true\" class=\"wp-block-spacer\"><\/div>\n\n\n\n<p><span class=\"post-content__span\"> En el siguiente link, podr\u00e1 acceder al documento t\u00e9cnico respectivo: <a href=\"https:\/\/vicerrectorias.utp.edu.co\/administrativa\/wp-content\/uploads\/sites\/10\/ANEXO-ACUERDO.-Documento-tecnico-Plan-de-Formalizacion-Laboral-UTP-.pdf\" target=\"_blank\" rel=\"noreferrer noopener\">Documento T\u00e9cnico: Plan de Formalizaci\u00f3n Laboral UTP<\/a><\/p>\n\n\n\n<p><span class=\"post-content__span\"> Con el fin facilitar el ejercicio de revisi\u00f3n del documento y para que pueda profundizar en alguno de los temas presentados, se presentan a continuaci\u00f3n cada uno de los cap\u00edtulos del documento t\u00e9cnico.<\/p>\n\n\n\n<ul class=\"wp-block-list\">\n<li><strong><a href=\"https:\/\/vicerrectorias.utp.edu.co\/administrativa\/wp-content\/uploads\/sites\/10\/CAPITULO-I-MARCO-NORMATIVO.pdf\" target=\"_blank\" rel=\"noreferrer noopener\">CAP\u00cdTULO I: MARCO NORMATIVO<\/a><\/strong><\/li>\n\n\n\n<li><strong><a href=\"https:\/\/vicerrectorias.utp.edu.co\/administrativa\/wp-content\/uploads\/sites\/10\/CAPITULO-II-IDENTIFICACION-DE-NECESIDADES-DE-PERSONAL.pdf\" target=\"_blank\" rel=\"noreferrer noopener\">CAP\u00cdTULO II IDENTIFICACI\u00d3N DE NECESIDADES DE PERSONAL<\/a><\/strong><\/li>\n\n\n\n<li><strong><a href=\"https:\/\/vicerrectorias.utp.edu.co\/administrativa\/wp-content\/uploads\/sites\/10\/CAPITULO-III-ANALISIS-DEL-IMPACTO-FINANCIERO.pdf\" target=\"_blank\" rel=\"noreferrer noopener\">CAP\u00cdTULO III: AN\u00c1LISIS DEL IMPACTO FINANCIERO<\/a><\/strong><\/li>\n\n\n\n<li><strong><a href=\"https:\/\/vicerrectorias.utp.edu.co\/administrativa\/wp-content\/uploads\/sites\/10\/CAPITULO-IV-PLAN-DE-IMPLEMENTACION.pdf\" target=\"_blank\" rel=\"noreferrer noopener\">CAP\u00cdTULO IV: PLAN DE IMPLEMENTACI\u00d3N<\/a><\/strong><\/li>\n<\/ul>\n\n\n\n<div style=\"height:100px\" aria-hidden=\"true\" class=\"wp-block-spacer\"><\/div>\n\n\n<div class=\"wp-block-image\">\n<figure class=\"aligncenter size-large is-resized\"><img loading=\"lazy\" decoding=\"async\" width=\"1024\" height=\"574\" src=\"https:\/\/vicerrectorias.utp.edu.co\/administrativa\/wp-content\/uploads\/sites\/10\/Lema-GEOR-1024x574.png\" alt=\"\" class=\"wp-image-1788\" style=\"width:558px;height:auto\" srcset=\"https:\/\/vicerrectorias.utp.edu.co\/administrativa\/wp-content\/uploads\/sites\/10\/Lema-GEOR-1024x574.png 1024w, https:\/\/vicerrectorias.utp.edu.co\/administrativa\/wp-content\/uploads\/sites\/10\/Lema-GEOR-300x168.png 300w, https:\/\/vicerrectorias.utp.edu.co\/administrativa\/wp-content\/uploads\/sites\/10\/Lema-GEOR-768x431.png 768w, https:\/\/vicerrectorias.utp.edu.co\/administrativa\/wp-content\/uploads\/sites\/10\/Lema-GEOR-1536x861.png 1536w, https:\/\/vicerrectorias.utp.edu.co\/administrativa\/wp-content\/uploads\/sites\/10\/Lema-GEOR.png 1919w\" sizes=\"auto, (max-width: 1024px) 100vw, 1024px\" \/><\/figure>\n<\/div>","protected":false},"excerpt":{"rendered":"<p>Contextualizaci\u00f3n sobre la Formalizaci\u00f3n laboral en la Universidad, en el marco del Decreto 0391 de 2025.<\/p>\n","protected":false},"author":20,"featured_media":1610,"comment_status":"closed","ping_status":"closed","sticky":false,"template":"","format":"standard","meta":{"footnotes":""},"categories":[6,10],"tags":[],"class_list":["post-1604","post","type-post","status-publish","format-standard","has-post-thumbnail","hentry","category-gestion-organizacional","category-informacion-de-interes"],"_links":{"self":[{"href":"https:\/\/vicerrectorias.utp.edu.co\/administrativa\/wp-json\/wp\/v2\/posts\/1604","targetHints":{"allow":["GET"]}}],"collection":[{"href":"https:\/\/vicerrectorias.utp.edu.co\/administrativa\/wp-json\/wp\/v2\/posts"}],"about":[{"href":"https:\/\/vicerrectorias.utp.edu.co\/administrativa\/wp-json\/wp\/v2\/types\/post"}],"author":[{"embeddable":true,"href":"https:\/\/vicerrectorias.utp.edu.co\/administrativa\/wp-json\/wp\/v2\/users\/20"}],"replies":[{"embeddable":true,"href":"https:\/\/vicerrectorias.utp.edu.co\/administrativa\/wp-json\/wp\/v2\/comments?post=1604"}],"version-history":[{"count":25,"href":"https:\/\/vicerrectorias.utp.edu.co\/administrativa\/wp-json\/wp\/v2\/posts\/1604\/revisions"}],"predecessor-version":[{"id":1812,"href":"https:\/\/vicerrectorias.utp.edu.co\/administrativa\/wp-json\/wp\/v2\/posts\/1604\/revisions\/1812"}],"wp:featuredmedia":[{"embeddable":true,"href":"https:\/\/vicerrectorias.utp.edu.co\/administrativa\/wp-json\/wp\/v2\/media\/1610"}],"wp:attachment":[{"href":"https:\/\/vicerrectorias.utp.edu.co\/administrativa\/wp-json\/wp\/v2\/media?parent=1604"}],"wp:term":[{"taxonomy":"category","embeddable":true,"href":"https:\/\/vicerrectorias.utp.edu.co\/administrativa\/wp-json\/wp\/v2\/categories?post=1604"},{"taxonomy":"post_tag","embeddable":true,"href":"https:\/\/vicerrectorias.utp.edu.co\/administrativa\/wp-json\/wp\/v2\/tags?post=1604"}],"curies":[{"name":"wp","href":"https:\/\/api.w.org\/{rel}","templated":true}]}}