{"id":301,"date":"2024-03-14T17:52:18","date_gmt":"2024-03-14T16:52:18","guid":{"rendered":""},"modified":"2025-07-08T17:46:19","modified_gmt":"2025-07-08T15:46:19","slug":"sistema-institucional-de-acompanamiento-academico","status":"publish","type":"post","link":"https:\/\/vicerrectorias.utp.edu.co\/academica\/sin-categoria\/sistema-institucional-de-acompanamiento-academico\/","title":{"rendered":"Sistema Institucional de Acompa\u00f1amiento Acad\u00e9mico."},"content":{"rendered":"\n<div class=\"wp-block-columns is-layout-flex wp-container-core-columns-is-layout-9d6595d7 wp-block-columns-is-layout-flex\">\n<div class=\"wp-block-column is-layout-flow wp-block-column-is-layout-flow\">\n<div style=\"height:100px\" aria-hidden=\"true\" class=\"wp-block-spacer\"><\/div>\n\n\n\n<p class=\"has-text-align-center has-very-light-gray-to-cyan-bluish-gray-gradient-background has-background has-medium-font-size\"><strong><strong>Objetivo del PAMA:<\/strong><\/strong><\/p>\n\n\n\n<p class=\"has-text-align-left has-background\" style=\"background:linear-gradient(135deg,rgb(219,228,233) 0%,rgba(81,141,224,0.78) 100%)\">Acompa\u00f1ar y apoyar a los estudiantes de la UTP en el proceso formativo, contribuyendo al desarrollo y fortalecimiento de sus habilidades matem\u00e1ticas, favoreciendo el egreso oportuno en la universidad.<\/p>\n\n\n\n<p><span class=\"post-content__span\"> <\/p>\n<\/div>\n\n\n\n<div class=\"wp-block-column is-layout-flow wp-block-column-is-layout-flow\">\n<div style=\"height:100px\" aria-hidden=\"true\" class=\"wp-block-spacer\"><\/div>\n\n\n\n<p class=\"has-text-align-center has-very-light-gray-to-cyan-bluish-gray-gradient-background has-background has-medium-font-size\"><strong><strong>Objetivo del PALE:<\/strong><\/strong><\/p>\n\n\n\n<p class=\"has-text-align-left has-background\" style=\"background:linear-gradient(135deg,rgb(241,244,249) 0%,rgba(81,141,224,0.78) 87%)\">Acompa\u00f1ar a la comunidad educativa con un enfoque definido en el crecimiento de las habilidades comunicativas como la lectura, escritura, oralidad y escucha desde una perspectiva cr\u00edtica y diferenciada seg\u00fan el contexto de aplicaci\u00f3n.<\/p>\n<\/div>\n<\/div>\n\n\n\n<hr class=\"wp-block-separator has-alpha-channel-opacity\" \/>\n\n\n\n<div style=\"height:143px\" aria-hidden=\"true\" class=\"wp-block-spacer\"><\/div>\n\n\n\n<h1 class=\"wp-block-heading has-text-align-center has-background has-large-font-size\" style=\"background:radial-gradient(rgb(217,229,231) 43%,rgb(233,204,170) 82%)\"><strong>Somos PAMA &#8211; PALE <\/strong><\/h1>\n\n\n\n<p><span class=\"post-content__span\"> <\/p>\n\n\n\n<p><span class=\"post-content__span\"> <\/p>\n\n\n\n<figure class=\"wp-block-image size-full\"><img loading=\"lazy\" decoding=\"async\" width=\"1620\" height=\"1080\" src=\"https:\/\/vicerrectorias.utp.edu.co\/academica\/wp-content\/uploads\/sites\/9\/DSC4468.jpg\" alt=\"\" class=\"wp-image-799\" srcset=\"https:\/\/vicerrectorias.utp.edu.co\/academica\/wp-content\/uploads\/sites\/9\/DSC4468.jpg 1620w, https:\/\/vicerrectorias.utp.edu.co\/academica\/wp-content\/uploads\/sites\/9\/DSC4468-300x200.jpg 300w, https:\/\/vicerrectorias.utp.edu.co\/academica\/wp-content\/uploads\/sites\/9\/DSC4468-1024x683.jpg 1024w, https:\/\/vicerrectorias.utp.edu.co\/academica\/wp-content\/uploads\/sites\/9\/DSC4468-768x512.jpg 768w, https:\/\/vicerrectorias.utp.edu.co\/academica\/wp-content\/uploads\/sites\/9\/DSC4468-1536x1024.jpg 1536w\" sizes=\"auto, (max-width: 1620px) 100vw, 1620px\" \/><\/figure>\n\n\n\n<hr class=\"wp-block-separator has-alpha-channel-opacity\" \/>\n\n\n\n<div style=\"height:100px\" aria-hidden=\"true\" class=\"wp-block-spacer\"><\/div>\n\n\n\n<hr class=\"wp-block-separator has-alpha-channel-opacity\" \/>\n\n\n\n<div style=\"height:183px\" aria-hidden=\"true\" class=\"wp-block-spacer\"><\/div>\n\n\n<div class=\"wp-block-image\">\n<figure class=\"aligncenter size-full\"><img loading=\"lazy\" decoding=\"async\" width=\"3533\" height=\"7068\" src=\"https:\/\/vicerrectorias.utp.edu.co\/academica\/wp-content\/uploads\/sites\/9\/PENDON-PA.pdf-4.png\" alt=\"\" class=\"wp-image-696\" srcset=\"https:\/\/vicerrectorias.utp.edu.co\/academica\/wp-content\/uploads\/sites\/9\/PENDON-PA.pdf-4.png 3533w, https:\/\/vicerrectorias.utp.edu.co\/academica\/wp-content\/uploads\/sites\/9\/PENDON-PA.pdf-4-150x300.png 150w, https:\/\/vicerrectorias.utp.edu.co\/academica\/wp-content\/uploads\/sites\/9\/PENDON-PA.pdf-4-512x1024.png 512w, https:\/\/vicerrectorias.utp.edu.co\/academica\/wp-content\/uploads\/sites\/9\/PENDON-PA.pdf-4-768x1536.png 768w, https:\/\/vicerrectorias.utp.edu.co\/academica\/wp-content\/uploads\/sites\/9\/PENDON-PA.pdf-4-1024x2048.png 1024w\" sizes=\"auto, (max-width: 3533px) 100vw, 3533px\" \/><\/figure>\n<\/div>\n\n\n<hr class=\"wp-block-separator has-alpha-channel-opacity\" \/>\n\n\n\n<p><span class=\"post-content__span\"> <\/p>\n\n\n\n<p><span class=\"post-content__span\"> <\/p>\n\n\n\n<hr class=\"wp-block-separator has-alpha-channel-opacity\" \/>\n\n\n\n<figure class=\"wp-block-image size-full\"><img loading=\"lazy\" decoding=\"async\" width=\"1417\" height=\"354\" src=\"https:\/\/vicerrectorias.utp.edu.co\/academica\/wp-content\/uploads\/sites\/9\/1-3.png\" alt=\"\" class=\"wp-image-698\" srcset=\"https:\/\/vicerrectorias.utp.edu.co\/academica\/wp-content\/uploads\/sites\/9\/1-3.png 1417w, https:\/\/vicerrectorias.utp.edu.co\/academica\/wp-content\/uploads\/sites\/9\/1-3-300x75.png 300w, https:\/\/vicerrectorias.utp.edu.co\/academica\/wp-content\/uploads\/sites\/9\/1-3-1024x256.png 1024w, https:\/\/vicerrectorias.utp.edu.co\/academica\/wp-content\/uploads\/sites\/9\/1-3-768x192.png 768w\" sizes=\"auto, (max-width: 1417px) 100vw, 1417px\" \/><\/figure>\n\n\n\n<div style=\"height:51px\" aria-hidden=\"true\" class=\"wp-block-spacer\"><\/div>\n\n\n\n<hr class=\"wp-block-separator has-alpha-channel-opacity\" \/>\n\n\n\n<div class=\"wp-block-columns is-layout-flex wp-container-core-columns-is-layout-9d6595d7 wp-block-columns-is-layout-flex\">\n<div class=\"wp-block-column is-layout-flow wp-block-column-is-layout-flow\" style=\"flex-basis:33.33%\">\n<figure class=\"wp-block-image size-large\"><img loading=\"lazy\" decoding=\"async\" width=\"768\" height=\"1024\" src=\"https:\/\/vicerrectorias.utp.edu.co\/academica\/wp-content\/uploads\/sites\/9\/PHOTO-2025-04-22-09-03-48-768x1024.jpg\" alt=\"\" class=\"wp-image-811\" srcset=\"https:\/\/vicerrectorias.utp.edu.co\/academica\/wp-content\/uploads\/sites\/9\/PHOTO-2025-04-22-09-03-48-768x1024.jpg 768w, https:\/\/vicerrectorias.utp.edu.co\/academica\/wp-content\/uploads\/sites\/9\/PHOTO-2025-04-22-09-03-48-225x300.jpg 225w, https:\/\/vicerrectorias.utp.edu.co\/academica\/wp-content\/uploads\/sites\/9\/PHOTO-2025-04-22-09-03-48-1152x1536.jpg 1152w, https:\/\/vicerrectorias.utp.edu.co\/academica\/wp-content\/uploads\/sites\/9\/PHOTO-2025-04-22-09-03-48.jpg 1200w\" sizes=\"auto, (max-width: 768px) 100vw, 768px\" \/><\/figure>\n\n\n\n<figure class=\"wp-block-image size-full is-style-default\"><img loading=\"lazy\" decoding=\"async\" width=\"1280\" height=\"853\" src=\"https:\/\/vicerrectorias.utp.edu.co\/academica\/wp-content\/uploads\/sites\/9\/PHOTO-2025-06-03-13-58-24.jpg\" alt=\"\" class=\"wp-image-805\" srcset=\"https:\/\/vicerrectorias.utp.edu.co\/academica\/wp-content\/uploads\/sites\/9\/PHOTO-2025-06-03-13-58-24.jpg 1280w, https:\/\/vicerrectorias.utp.edu.co\/academica\/wp-content\/uploads\/sites\/9\/PHOTO-2025-06-03-13-58-24-300x200.jpg 300w, https:\/\/vicerrectorias.utp.edu.co\/academica\/wp-content\/uploads\/sites\/9\/PHOTO-2025-06-03-13-58-24-1024x682.jpg 1024w, https:\/\/vicerrectorias.utp.edu.co\/academica\/wp-content\/uploads\/sites\/9\/PHOTO-2025-06-03-13-58-24-768x512.jpg 768w\" sizes=\"auto, (max-width: 1280px) 100vw, 1280px\" \/><figcaption class=\"wp-element-caption\">Integrantes del PAMA<\/figcaption><\/figure>\n<\/div>\n\n\n\n<div class=\"wp-block-column is-layout-flow wp-block-column-is-layout-flow\" style=\"flex-basis:66.66%\">\n<p class=\"has-medium-font-size\"><strong>Perfil profesional del Profesional L\u00edder del PAMA y su equipo (cu\u00e1ntos son y a qu\u00e9 se dedican)<\/strong><\/p>\n\n\n\n<hr class=\"wp-block-separator has-alpha-channel-opacity\" \/>\n\n\n\n<p class=\"has-text-align-left has-medium-font-size\"><strong>\u00bfCu\u00e1l es el perfil del l\u00edder? <\/strong><\/p>\n\n\n\n<p class=\"has-text-align-center has-small-font-size\"><em><strong>Luz Elena- Profesional encargado del PAMA<\/strong><\/em><\/p>\n\n\n\n<p class=\"has-small-font-size\">Licenciada en Matem\u00e1ticas y F\u00edsica de la Universidad Tecnol\u00f3gica de Pereira (UTP) y con una Maestr\u00eda en Ense\u00f1anza de la Matem\u00e1tica de la misma universidad. Trabaj\u00f3 en el programa de Acompa\u00f1amiento en Matem\u00e1ticas (PAMA) como profesional de apoyo durante dos a\u00f1os (2017-2019) y actualmente ocupa el cargo de profesional l\u00edder a cargo del PAMA en la UTP, donde tambi\u00e9n se desempe\u00f1a como docente en el Departamento de Matem\u00e1ticas, contribuyendo al desarrollo de estrategias pedag\u00f3gicas efectivas y apoyando a los estudiantes en su proceso de aprendizaje. <\/p>\n\n\n\n<hr class=\"wp-block-separator has-alpha-channel-opacity\" \/>\n\n\n\n<p class=\"has-small-font-size\"><\/p>\n\n\n\n<p class=\"has-text-align-left has-medium-font-size\"><strong>\u00bfC\u00f3mo se conforma el equipo del PAMA?<\/strong><\/p>\n\n\n\n<p class=\"has-small-font-size\">El equipo del PAMA est\u00e1 integrado por seis monitores acad\u00e9micos y tres monitoras administrativas, quienes son estudiantes de diversas disciplinas de ingenier\u00eda, incluyendo ingenier\u00eda el\u00e9ctrica, mec\u00e1nica, f\u00edsica e industrial. Adem\u00e1s, cuenta con el apoyo de dos profesionales, ambos Licenciados en Matem\u00e1ticas y F\u00edsica, as\u00ed como estudiantes de la Maestr\u00eda en Matem\u00e1ticas. Esta estructura garantiza un proceso interno s\u00f3lido y una continuidad en la perspectiva promovida desde el inicio del programa.<\/p>\n\n\n\n<hr class=\"wp-block-separator has-alpha-channel-opacity\" \/>\n\n\n\n<p class=\"has-small-font-size\"><strong><em>Estudiante UTP<\/em><\/strong><\/p>\n\n\n\n<p class=\"has-text-align-left\"><span class=\"post-content__span\"> <strong>\u00bfHas encontrado asignaturas que te generan inquietud o confusi\u00f3n?<\/strong><\/p>\n\n\n\n<p class=\"has-small-font-size\">Si solo comprendes un poco o te sientes perdido, somos tu soluci\u00f3n. La clave est\u00e1 en tener el valor de hacer preguntas, cada una es una oportunidad para aclarar tus dudas y avanzar en tu aprendizaje.<\/p>\n\n\n\n<p class=\"has-small-font-size\">Puede ser dif\u00edcil pedirle al profesor que repita una explicaci\u00f3n o ampl\u00ede un tema. Por eso, con el <strong>PAMA<\/strong> (Programa de Acompa\u00f1amiento en Matem\u00e1ticas) tendr\u00e1s la oportunidad de recibir asesor\u00edas personalizadas de una hora y que pueden extenderse a m\u00e1s sesiones seg\u00fan tus necesidades.&nbsp; El <strong>PAMA<\/strong> cuenta con el apoyo de monitores y docentes especializados que te ayudar\u00e1n en las dudas de temas espec\u00edficos en Matem\u00e1ticas, proporcionando ejercicios y actividades de refuerzo para afianzar tu aprendizaje.<\/p>\n\n\n\n<p class=\"has-small-font-size\">Nuestro objetivo es apoyarte a entender mejor los fundamentos matem\u00e1ticos, potenciar tus habilidades para abordar y resolver problemas matem\u00e1ticos y orientarte en la revisi\u00f3n y estudio de temas espec\u00edficos para tus evaluaciones.<\/p>\n\n\n\n<p class=\"has-small-font-size\">Es un servicio gratuito dise\u00f1ado para apoyar institucionalmente a los estudiantes UTP.<\/p>\n\n\n\n<hr class=\"wp-block-separator has-alpha-channel-opacity\" \/>\n\n\n\n<p class=\"has-small-font-size\"><strong><em>Docente UTP<\/em><\/strong><br><\/p>\n\n\n\n<p><span class=\"post-content__span\"> <strong>\u00bfC\u00f3mo puedes potenciar el aprendizaje de tus estudiantes en matem\u00e1ticas si notas que enfrentan dificultades en conceptos claves?<\/strong><\/p>\n\n\n\n<p class=\"has-small-font-size\">Si observas que tus estudiantes tienen dificultades en ciertos temas, podemos ofrecer talleres espec\u00edficos que aborden esas necesidades. Por ejemplo, si notas que les cuesta entender ciertos conceptos, desde el PAMA (Programa de Acompa\u00f1amiento en Matem\u00e1ticas) podemos organizar un taller de refuerzo en esos temas.<\/p>\n\n\n\n<p class=\"has-small-font-size\">Con el <strong>PAMA<\/strong>, tienes la oportunidad de solicitar talleres en el aula que fortalezcan la comprensi\u00f3n de temas espec\u00edficos en Matem\u00e1ticas Fundamentales, C\u00e1lculo Diferencial y C\u00e1lculo Integral. Adem\u00e1s, puedes remitir estudiantes al PAMA cuando identifiques casos que requieran atenci\u00f3n individualizada.<\/p>\n\n\n\n<p class=\"has-small-font-size\">Asimismo, organizamos talleres generalizados para toda la comunidad universitaria, adaptados a necesidades puntuales, donde tambi\u00e9n puedes invitar a tus estudiantes a participar.<\/p>\n\n\n\n<p class=\"has-small-font-size\">Cada taller del <strong>PAMA<\/strong> est\u00e1 dise\u00f1ado para integrarse con tus momentos de aula. Esto significa que, si solicitas un taller sobre un tema espec\u00edfico, estar\u00e1 alineado con las actividades de tu plan de estudios. Nuestro objetivo es garantizar que tus estudiantes se desempe\u00f1en de manera \u00f3ptima durante su proceso de aprendizaje.<\/p>\n\n\n\n<div class=\"wp-block-columns is-layout-flex wp-container-core-columns-is-layout-9d6595d7 wp-block-columns-is-layout-flex\">\n<div class=\"wp-block-column is-layout-flow wp-block-column-is-layout-flow\">\n<figure class=\"wp-block-image size-large\"><img loading=\"lazy\" decoding=\"async\" width=\"768\" height=\"1024\" src=\"https:\/\/vicerrectorias.utp.edu.co\/academica\/wp-content\/uploads\/sites\/9\/PHOTO-2025-06-03-14-54-39-768x1024.jpg\" alt=\"\" class=\"wp-image-807\" srcset=\"https:\/\/vicerrectorias.utp.edu.co\/academica\/wp-content\/uploads\/sites\/9\/PHOTO-2025-06-03-14-54-39-768x1024.jpg 768w, https:\/\/vicerrectorias.utp.edu.co\/academica\/wp-content\/uploads\/sites\/9\/PHOTO-2025-06-03-14-54-39-225x300.jpg 225w, https:\/\/vicerrectorias.utp.edu.co\/academica\/wp-content\/uploads\/sites\/9\/PHOTO-2025-06-03-14-54-39.jpg 960w\" sizes=\"auto, (max-width: 768px) 100vw, 768px\" \/><\/figure>\n<\/div>\n\n\n\n<div class=\"wp-block-column is-layout-flow wp-block-column-is-layout-flow\">\n<figure class=\"wp-block-image size-large\"><img loading=\"lazy\" decoding=\"async\" width=\"1024\" height=\"768\" src=\"https:\/\/vicerrectorias.utp.edu.co\/academica\/wp-content\/uploads\/sites\/9\/PHOTO-2025-06-03-14-55-06-1024x768.jpg\" alt=\"\" class=\"wp-image-808\" srcset=\"https:\/\/vicerrectorias.utp.edu.co\/academica\/wp-content\/uploads\/sites\/9\/PHOTO-2025-06-03-14-55-06-1024x768.jpg 1024w, https:\/\/vicerrectorias.utp.edu.co\/academica\/wp-content\/uploads\/sites\/9\/PHOTO-2025-06-03-14-55-06-300x225.jpg 300w, https:\/\/vicerrectorias.utp.edu.co\/academica\/wp-content\/uploads\/sites\/9\/PHOTO-2025-06-03-14-55-06-768x576.jpg 768w, https:\/\/vicerrectorias.utp.edu.co\/academica\/wp-content\/uploads\/sites\/9\/PHOTO-2025-06-03-14-55-06.jpg 1280w\" sizes=\"auto, (max-width: 1024px) 100vw, 1024px\" \/><\/figure>\n\n\n\n<h2 class=\"wp-block-heading\">Mentor\u00eda personalizada<\/h2>\n<\/div>\n\n\n\n<div class=\"wp-block-column is-layout-flow wp-block-column-is-layout-flow\">\n<figure class=\"wp-block-image size-large\"><img loading=\"lazy\" decoding=\"async\" width=\"1024\" height=\"768\" src=\"https:\/\/vicerrectorias.utp.edu.co\/academica\/wp-content\/uploads\/sites\/9\/PHOTO-2025-06-03-15-03-42-1024x768.jpg\" alt=\"\" class=\"wp-image-809\" srcset=\"https:\/\/vicerrectorias.utp.edu.co\/academica\/wp-content\/uploads\/sites\/9\/PHOTO-2025-06-03-15-03-42-1024x768.jpg 1024w, https:\/\/vicerrectorias.utp.edu.co\/academica\/wp-content\/uploads\/sites\/9\/PHOTO-2025-06-03-15-03-42-300x225.jpg 300w, https:\/\/vicerrectorias.utp.edu.co\/academica\/wp-content\/uploads\/sites\/9\/PHOTO-2025-06-03-15-03-42-768x576.jpg 768w, https:\/\/vicerrectorias.utp.edu.co\/academica\/wp-content\/uploads\/sites\/9\/PHOTO-2025-06-03-15-03-42.jpg 1280w\" sizes=\"auto, (max-width: 1024px) 100vw, 1024px\" \/><\/figure>\n\n\n\n<figure class=\"wp-block-image size-large\"><img loading=\"lazy\" decoding=\"async\" width=\"1024\" height=\"768\" src=\"https:\/\/vicerrectorias.utp.edu.co\/academica\/wp-content\/uploads\/sites\/9\/PHOTO-2025-06-03-15-04-45-1024x768.jpg\" alt=\"\" class=\"wp-image-810\" srcset=\"https:\/\/vicerrectorias.utp.edu.co\/academica\/wp-content\/uploads\/sites\/9\/PHOTO-2025-06-03-15-04-45-1024x768.jpg 1024w, https:\/\/vicerrectorias.utp.edu.co\/academica\/wp-content\/uploads\/sites\/9\/PHOTO-2025-06-03-15-04-45-300x225.jpg 300w, https:\/\/vicerrectorias.utp.edu.co\/academica\/wp-content\/uploads\/sites\/9\/PHOTO-2025-06-03-15-04-45-768x576.jpg 768w, https:\/\/vicerrectorias.utp.edu.co\/academica\/wp-content\/uploads\/sites\/9\/PHOTO-2025-06-03-15-04-45.jpg 1280w\" sizes=\"auto, (max-width: 1024px) 100vw, 1024px\" \/><\/figure>\n<\/div>\n<\/div>\n<\/div>\n\n\n\n<div class=\"wp-block-column is-layout-flow wp-block-column-is-layout-flow\"><\/div>\n<\/div>\n\n\n\n<hr class=\"wp-block-separator has-alpha-channel-opacity\" \/>\n\n\n\n<figure class=\"wp-block-image size-full\"><img loading=\"lazy\" decoding=\"async\" width=\"1417\" height=\"354\" src=\"https:\/\/vicerrectorias.utp.edu.co\/academica\/wp-content\/uploads\/sites\/9\/2-4.png\" alt=\"\" class=\"wp-image-699\" srcset=\"https:\/\/vicerrectorias.utp.edu.co\/academica\/wp-content\/uploads\/sites\/9\/2-4.png 1417w, https:\/\/vicerrectorias.utp.edu.co\/academica\/wp-content\/uploads\/sites\/9\/2-4-300x75.png 300w, https:\/\/vicerrectorias.utp.edu.co\/academica\/wp-content\/uploads\/sites\/9\/2-4-1024x256.png 1024w, https:\/\/vicerrectorias.utp.edu.co\/academica\/wp-content\/uploads\/sites\/9\/2-4-768x192.png 768w\" sizes=\"auto, (max-width: 1417px) 100vw, 1417px\" \/><\/figure>\n\n\n\n<div style=\"height:32px\" aria-hidden=\"true\" class=\"wp-block-spacer\"><\/div>\n\n\n\n<div class=\"wp-block-columns is-layout-flex wp-container-core-columns-is-layout-9d6595d7 wp-block-columns-is-layout-flex\">\n<div class=\"wp-block-column is-layout-flow wp-block-column-is-layout-flow\" style=\"flex-basis:33.33%\">\n<figure class=\"wp-block-image size-full is-style-default\"><img loading=\"lazy\" decoding=\"async\" width=\"1620\" height=\"1080\" src=\"https:\/\/vicerrectorias.utp.edu.co\/academica\/wp-content\/uploads\/sites\/9\/DSC4458.jpg\" alt=\"\" class=\"wp-image-801\" style=\"object-fit:cover\" srcset=\"https:\/\/vicerrectorias.utp.edu.co\/academica\/wp-content\/uploads\/sites\/9\/DSC4458.jpg 1620w, https:\/\/vicerrectorias.utp.edu.co\/academica\/wp-content\/uploads\/sites\/9\/DSC4458-300x200.jpg 300w, https:\/\/vicerrectorias.utp.edu.co\/academica\/wp-content\/uploads\/sites\/9\/DSC4458-1024x683.jpg 1024w, https:\/\/vicerrectorias.utp.edu.co\/academica\/wp-content\/uploads\/sites\/9\/DSC4458-768x512.jpg 768w, https:\/\/vicerrectorias.utp.edu.co\/academica\/wp-content\/uploads\/sites\/9\/DSC4458-1536x1024.jpg 1536w\" sizes=\"auto, (max-width: 1620px) 100vw, 1620px\" \/><figcaption class=\"wp-element-caption\">Integrantes del PALE<\/figcaption><\/figure>\n\n\n\n<p><span class=\"post-content__span\"> <\/p>\n\n\n\n<figure class=\"wp-block-image size-large\"><img loading=\"lazy\" decoding=\"async\" width=\"1024\" height=\"683\" src=\"https:\/\/vicerrectorias.utp.edu.co\/academica\/wp-content\/uploads\/sites\/9\/DSC4463-1-1024x683.jpg\" alt=\"\" class=\"wp-image-802\" srcset=\"https:\/\/vicerrectorias.utp.edu.co\/academica\/wp-content\/uploads\/sites\/9\/DSC4463-1-1024x683.jpg 1024w, https:\/\/vicerrectorias.utp.edu.co\/academica\/wp-content\/uploads\/sites\/9\/DSC4463-1-300x200.jpg 300w, https:\/\/vicerrectorias.utp.edu.co\/academica\/wp-content\/uploads\/sites\/9\/DSC4463-1-768x512.jpg 768w, https:\/\/vicerrectorias.utp.edu.co\/academica\/wp-content\/uploads\/sites\/9\/DSC4463-1-1536x1024.jpg 1536w, https:\/\/vicerrectorias.utp.edu.co\/academica\/wp-content\/uploads\/sites\/9\/DSC4463-1.jpg 1620w\" sizes=\"auto, (max-width: 1024px) 100vw, 1024px\" \/><\/figure>\n<\/div>\n\n\n\n<div class=\"wp-block-column is-layout-flow wp-block-column-is-layout-flow\" style=\"flex-basis:66.66%\">\n<p class=\"has-medium-font-size\"><strong>Perfil profesional del Profesional L\u00edder del PALE y su equipo (cu\u00e1ntos son y a qu\u00e9 se dedican)<\/strong><\/p>\n\n\n\n<p class=\"has-medium-font-size\"><strong>\u00bfCu\u00e1l es el perfil del l\u00edder del PALE?<\/strong><\/p>\n\n\n\n<p class=\"has-text-align-center has-small-font-size\"><em><strong>Sebasti\u00e1n Henao Ospina<\/strong> &#8211; Profesional encargado del PALE<\/em><\/p>\n\n\n\n<p class=\"has-small-font-size\">Estudiante de la Maestr\u00eda en Estudios Culturales y Narrativas Contempor\u00e1neas en la Universidad Tecnol\u00f3gica de Pereira (UTP). Licenciado en Espa\u00f1ol y Literatura, egresado de la misma universidad, graduado de su pregrado como Estudiante Distinguido con un promedio acumulado de carrera de 4,7. Cinco a\u00f1os en formaci\u00f3n investigativa y experiencia laboral con relaci\u00f3n a la evaluaci\u00f3n formativa desde el aula y did\u00e1cticas de la lectura, la escritura, la oralidad y&nbsp; la escucha. Todo ello desde el Semillero de Investigaci\u00f3n en Narrativas Contempor\u00e1neas y Estudios Culturales y el Programa de Acompa\u00f1amiento en Lectura y Escritura (PALE) en el cual se ha&nbsp; desempe\u00f1ado tanto como monitor acad\u00e9mico y ahora como profesional l\u00edder. Actualmente, hace parte del Grupo de Investigaci\u00f3n en Literatura Latinoamericana y Ense\u00f1anza de la Literatura de la UTP, en el cual contin\u00faa form\u00e1ndose. Maneja la lengua francesa en nivel B2 certificado con examen internacional DELF. Adem\u00e1s, posee publicaciones de \u00e1mbito literario en la revista Letralia de Venezuela. Finalmente, ha ejecutado cargos como l\u00edder de procesos en el \u00e1rea de Biblioteca, adscrita a la Secretar\u00eda de Cultura, Recreaci\u00f3n y Deportes de la Alcald\u00eda de Dosquebradas y Docente de Espa\u00f1ol como Lengua Extranjera (DELE) durante un periodo de dos a\u00f1os en Mr. Fox Spanish School.<\/p>\n\n\n\n<p class=\"has-medium-font-size\"><strong>\u00bfC\u00f3mo se conforma el equipo del PALE?<\/strong><\/p>\n\n\n\n<p class=\"has-small-font-size\">El equipo del PALE se compone por cinco monitoras acad\u00e9micas, estudiantes del programa de Literatura y Lengua Castellana, adem\u00e1s, un profesional de apoyo, egresado del mismo programa y que ha sido, al igual que el profesional l\u00edder, monitor acad\u00e9mico, esto garantiza un proceso al interior del programa y una continuidad en la perspectiva que se ha promovido desde su origen.<\/p>\n\n\n\n<p class=\"has-medium-font-size\"><strong>\u00bfQu\u00e9 puede encontrar en el PALE?<\/strong><\/p>\n\n\n\n<p class=\"has-small-font-size\"><strong><em>Estudiante UTP<\/em><\/strong><\/p>\n\n\n\n<p class=\"has-small-font-size\">Con el PALE tendr\u00e1s inicialmente, una asesor\u00eda individual de una hora, esta se puede extender a muchas m\u00e1s sesiones dependiendo de tus necesidades, en este orden, te podemos apoyar en la redacci\u00f3n de tus textos, mejora en tu expresi\u00f3n oral y corporal, potenciar tus habilidades para la comprensi\u00f3n lectora, incluso, puedes llegar con tu anteproyecto o proyecto de grado y lo revisamos en conjunto para orientarte en esos puntos que a\u00fan est\u00e1n algo d\u00e9biles. No olvides que todo esto es gratuito ya que es un programa plenamente institucional al servicio de todos los estudiantes de la UTP.&nbsp;<\/p>\n\n\n\n<p class=\"has-small-font-size\"><strong><em>Docente UTP&nbsp;<\/em><\/strong><\/p>\n\n\n\n<p class=\"has-small-font-size\">Con el PALE puedes solicitar talleres en tu aula de acuerdo a la habilidad comunicativa que requieras potenciar, por ejemplo, escritura de informes de laboratorio, ensayos, rese\u00f1as, res\u00famenes entre otras tipolog\u00edas textuales. Si ves a los estudiantes con d\u00e9ficits para exponer, te podemos apoyar con un taller de expresi\u00f3n oral, o si acaso notas que se les dificulta comprender los textos asignados, no hay problema, puedes pedir un taller asociado a herramientas para la comprensi\u00f3n lectora. Finalmente, ten presente que cada taller del PALE se vincula a tus momentos de aula, es decir, si solicitas un taller de informe de laboratorio es porque dentro de tu plan de estudios, tienes esta actividad propuesta y quieres que los estudiantes lo hagan estupendo durante el proceso.&nbsp;<\/p>\n<\/div>\n<\/div>\n\n\n\n<p class=\"has-text-align-center has-small-font-size\"><\/p>\n\n\n\n<hr class=\"wp-block-separator has-alpha-channel-opacity\" \/>\n\n\n\n<p class=\"has-text-align-center has-medium-font-size\"><strong>Talleres y acompa\u00f1amiento <\/strong><\/p>\n\n\n\n<div class=\"wp-block-columns is-layout-flex wp-container-core-columns-is-layout-9d6595d7 wp-block-columns-is-layout-flex\">\n<div class=\"wp-block-column is-layout-flow wp-block-column-is-layout-flow\">\n<figure class=\"wp-block-image size-large\"><img loading=\"lazy\" decoding=\"async\" width=\"1024\" height=\"768\" src=\"https:\/\/vicerrectorias.utp.edu.co\/academica\/wp-content\/uploads\/sites\/9\/Ima1-1024x768.jpg\" alt=\"\" class=\"wp-image-546\" srcset=\"https:\/\/vicerrectorias.utp.edu.co\/academica\/wp-content\/uploads\/sites\/9\/Ima1-1024x768.jpg 1024w, https:\/\/vicerrectorias.utp.edu.co\/academica\/wp-content\/uploads\/sites\/9\/Ima1-300x225.jpg 300w, https:\/\/vicerrectorias.utp.edu.co\/academica\/wp-content\/uploads\/sites\/9\/Ima1-768x576.jpg 768w, https:\/\/vicerrectorias.utp.edu.co\/academica\/wp-content\/uploads\/sites\/9\/Ima1.jpg 1296w\" sizes=\"auto, (max-width: 1024px) 100vw, 1024px\" \/><\/figure>\n<\/div>\n\n\n\n<div class=\"wp-block-column is-layout-flow wp-block-column-is-layout-flow\">\n<figure class=\"wp-block-image size-large\"><img loading=\"lazy\" decoding=\"async\" width=\"1024\" height=\"768\" src=\"https:\/\/vicerrectorias.utp.edu.co\/academica\/wp-content\/uploads\/sites\/9\/ima2-1024x768.jpg\" alt=\"\" class=\"wp-image-547\" srcset=\"https:\/\/vicerrectorias.utp.edu.co\/academica\/wp-content\/uploads\/sites\/9\/ima2-1024x768.jpg 1024w, https:\/\/vicerrectorias.utp.edu.co\/academica\/wp-content\/uploads\/sites\/9\/ima2-300x225.jpg 300w, https:\/\/vicerrectorias.utp.edu.co\/academica\/wp-content\/uploads\/sites\/9\/ima2-768x576.jpg 768w, https:\/\/vicerrectorias.utp.edu.co\/academica\/wp-content\/uploads\/sites\/9\/ima2.jpg 1280w\" sizes=\"auto, (max-width: 1024px) 100vw, 1024px\" \/><\/figure>\n<\/div>\n\n\n\n<div class=\"wp-block-column is-layout-flow wp-block-column-is-layout-flow\">\n<figure class=\"wp-block-image size-large\"><img loading=\"lazy\" decoding=\"async\" width=\"1024\" height=\"768\" src=\"https:\/\/vicerrectorias.utp.edu.co\/academica\/wp-content\/uploads\/sites\/9\/ima3-1024x768.jpg\" alt=\"\" class=\"wp-image-548\" srcset=\"https:\/\/vicerrectorias.utp.edu.co\/academica\/wp-content\/uploads\/sites\/9\/ima3-1024x768.jpg 1024w, https:\/\/vicerrectorias.utp.edu.co\/academica\/wp-content\/uploads\/sites\/9\/ima3-300x225.jpg 300w, https:\/\/vicerrectorias.utp.edu.co\/academica\/wp-content\/uploads\/sites\/9\/ima3-768x576.jpg 768w, https:\/\/vicerrectorias.utp.edu.co\/academica\/wp-content\/uploads\/sites\/9\/ima3.jpg 1296w\" sizes=\"auto, (max-width: 1024px) 100vw, 1024px\" \/><\/figure>\n<\/div>\n<\/div>\n\n\n\n<p class=\"has-text-align-center has-medium-font-size\"><strong>Talleres Ub\u00edcate <\/strong><\/p>\n\n\n\n<hr class=\"wp-block-separator has-alpha-channel-opacity\" \/>\n\n\n\n<div class=\"wp-block-columns is-layout-flex wp-container-core-columns-is-layout-9d6595d7 wp-block-columns-is-layout-flex\">\n<div class=\"wp-block-column is-layout-flow wp-block-column-is-layout-flow\">\n<figure class=\"wp-block-image size-large\"><img loading=\"lazy\" decoding=\"async\" width=\"1024\" height=\"770\" src=\"https:\/\/vicerrectorias.utp.edu.co\/academica\/wp-content\/uploads\/sites\/9\/WhatsApp-Image-2024-07-29-at-6.25.58-PM-1024x770.jpeg\" alt=\"\" class=\"wp-image-631\" srcset=\"https:\/\/vicerrectorias.utp.edu.co\/academica\/wp-content\/uploads\/sites\/9\/WhatsApp-Image-2024-07-29-at-6.25.58-PM-1024x770.jpeg 1024w, https:\/\/vicerrectorias.utp.edu.co\/academica\/wp-content\/uploads\/sites\/9\/WhatsApp-Image-2024-07-29-at-6.25.58-PM-300x226.jpeg 300w, https:\/\/vicerrectorias.utp.edu.co\/academica\/wp-content\/uploads\/sites\/9\/WhatsApp-Image-2024-07-29-at-6.25.58-PM-768x578.jpeg 768w, https:\/\/vicerrectorias.utp.edu.co\/academica\/wp-content\/uploads\/sites\/9\/WhatsApp-Image-2024-07-29-at-6.25.58-PM.jpeg 1280w\" sizes=\"auto, (max-width: 1024px) 100vw, 1024px\" \/><\/figure>\n<\/div>\n\n\n\n<div class=\"wp-block-column is-layout-flow wp-block-column-is-layout-flow\">\n<figure class=\"wp-block-image size-large\"><img loading=\"lazy\" decoding=\"async\" width=\"1024\" height=\"771\" src=\"https:\/\/vicerrectorias.utp.edu.co\/academica\/wp-content\/uploads\/sites\/9\/WhatsApp-Image-2024-07-31-at-6.52.39-PM-1024x771.jpeg\" alt=\"\" class=\"wp-image-632\" srcset=\"https:\/\/vicerrectorias.utp.edu.co\/academica\/wp-content\/uploads\/sites\/9\/WhatsApp-Image-2024-07-31-at-6.52.39-PM-1024x771.jpeg 1024w, https:\/\/vicerrectorias.utp.edu.co\/academica\/wp-content\/uploads\/sites\/9\/WhatsApp-Image-2024-07-31-at-6.52.39-PM-300x226.jpeg 300w, https:\/\/vicerrectorias.utp.edu.co\/academica\/wp-content\/uploads\/sites\/9\/WhatsApp-Image-2024-07-31-at-6.52.39-PM-768x578.jpeg 768w, https:\/\/vicerrectorias.utp.edu.co\/academica\/wp-content\/uploads\/sites\/9\/WhatsApp-Image-2024-07-31-at-6.52.39-PM-1536x1156.jpeg 1536w, https:\/\/vicerrectorias.utp.edu.co\/academica\/wp-content\/uploads\/sites\/9\/WhatsApp-Image-2024-07-31-at-6.52.39-PM.jpeg 1600w\" sizes=\"auto, (max-width: 1024px) 100vw, 1024px\" \/><\/figure>\n<\/div>\n\n\n\n<div class=\"wp-block-column is-layout-flow wp-block-column-is-layout-flow\">\n<figure class=\"wp-block-image size-large\"><img loading=\"lazy\" decoding=\"async\" width=\"1024\" height=\"771\" src=\"https:\/\/vicerrectorias.utp.edu.co\/academica\/wp-content\/uploads\/sites\/9\/WhatsApp-Image-2024-08-01-at-7.52.33-PM-1024x771.jpeg\" alt=\"\" class=\"wp-image-633\" srcset=\"https:\/\/vicerrectorias.utp.edu.co\/academica\/wp-content\/uploads\/sites\/9\/WhatsApp-Image-2024-08-01-at-7.52.33-PM-1024x771.jpeg 1024w, https:\/\/vicerrectorias.utp.edu.co\/academica\/wp-content\/uploads\/sites\/9\/WhatsApp-Image-2024-08-01-at-7.52.33-PM-300x226.jpeg 300w, https:\/\/vicerrectorias.utp.edu.co\/academica\/wp-content\/uploads\/sites\/9\/WhatsApp-Image-2024-08-01-at-7.52.33-PM-768x578.jpeg 768w, https:\/\/vicerrectorias.utp.edu.co\/academica\/wp-content\/uploads\/sites\/9\/WhatsApp-Image-2024-08-01-at-7.52.33-PM-1536x1156.jpeg 1536w, https:\/\/vicerrectorias.utp.edu.co\/academica\/wp-content\/uploads\/sites\/9\/WhatsApp-Image-2024-08-01-at-7.52.33-PM.jpeg 1600w\" sizes=\"auto, (max-width: 1024px) 100vw, 1024px\" \/><\/figure>\n<\/div>\n<\/div>\n\n\n\n<figure class=\"wp-block-video aligncenter\"><video height=\"1920\" style=\"aspect-ratio: 1080 \/ 1920;\" width=\"1080\" controls src=\"https:\/\/vicerrectorias.utp.edu.co\/academica\/wp-content\/uploads\/sites\/9\/Diseno-sin-titulo-1.mp4\"><\/video><\/figure>\n","protected":false},"excerpt":{"rendered":"<p>Objetivo del PAMA: Acompa\u00f1ar y apoyar a los estudiantes de la UTP en el proceso formativo, contribuyendo al desarrollo y [&hellip;]<\/p>\n","protected":false},"author":1,"featured_media":0,"comment_status":"closed","ping_status":"closed","sticky":false,"template":"","format":"standard","meta":{"footnotes":""},"categories":[1],"tags":[],"class_list":["post-301","post","type-post","status-publish","format-standard","hentry","category-sin-categoria"],"_links":{"self":[{"href":"https:\/\/vicerrectorias.utp.edu.co\/academica\/wp-json\/wp\/v2\/posts\/301","targetHints":{"allow":["GET"]}}],"collection":[{"href":"https:\/\/vicerrectorias.utp.edu.co\/academica\/wp-json\/wp\/v2\/posts"}],"about":[{"href":"https:\/\/vicerrectorias.utp.edu.co\/academica\/wp-json\/wp\/v2\/types\/post"}],"author":[{"embeddable":true,"href":"https:\/\/vicerrectorias.utp.edu.co\/academica\/wp-json\/wp\/v2\/users\/1"}],"replies":[{"embeddable":true,"href":"https:\/\/vicerrectorias.utp.edu.co\/academica\/wp-json\/wp\/v2\/comments?post=301"}],"version-history":[{"count":14,"href":"https:\/\/vicerrectorias.utp.edu.co\/academica\/wp-json\/wp\/v2\/posts\/301\/revisions"}],"predecessor-version":[{"id":854,"href":"https:\/\/vicerrectorias.utp.edu.co\/academica\/wp-json\/wp\/v2\/posts\/301\/revisions\/854"}],"wp:attachment":[{"href":"https:\/\/vicerrectorias.utp.edu.co\/academica\/wp-json\/wp\/v2\/media?parent=301"}],"wp:term":[{"taxonomy":"category","embeddable":true,"href":"https:\/\/vicerrectorias.utp.edu.co\/academica\/wp-json\/wp\/v2\/categories?post=301"},{"taxonomy":"post_tag","embeddable":true,"href":"https:\/\/vicerrectorias.utp.edu.co\/academica\/wp-json\/wp\/v2\/tags?post=301"}],"curies":[{"name":"wp","href":"https:\/\/api.w.org\/{rel}","templated":true}]}}