{"id":301,"date":"2024-03-14T17:52:18","date_gmt":"2024-03-14T16:52:18","guid":{"rendered":""},"modified":"2026-09-02T20:35:43","modified_gmt":"2026-09-02T18:35:43","slug":"sistema-institucional-de-acompanamiento-academico","status":"publish","type":"post","link":"https:\/\/vicerrectorias.utp.edu.co\/academica\/sin-categoria\/sistema-institucional-de-acompanamiento-academico\/","title":{"rendered":"Sistema Institucional de Acompa\u00f1amiento Acad\u00e9mico."},"content":{"rendered":"\n<div class=\"wp-block-columns is-layout-flex wp-container-core-columns-is-layout-8f761849 wp-block-columns-is-layout-flex\">\n<div class=\"wp-block-column is-layout-flow wp-block-column-is-layout-flow\">\n<div style=\"height:100px\" aria-hidden=\"true\" class=\"wp-block-spacer\"><\/div>\n\n\n\n<p class=\"has-text-align-center has-very-light-gray-to-cyan-bluish-gray-gradient-background has-background has-medium-font-size wp-block-paragraph\"><strong><strong>Objetivo del PAMA:<\/strong><\/strong><\/p>\n\n\n\n<p class=\"has-text-align-left has-background wp-block-paragraph\" style=\"background:linear-gradient(135deg,rgb(219,228,233) 0%,rgba(81,141,224,0.78) 100%)\">Acompa\u00f1ar y apoyar a los estudiantes de la UTP en el proceso formativo, contribuyendo al desarrollo y fortalecimiento de sus habilidades matem\u00e1ticas, favoreciendo el egreso oportuno en la universidad.<\/p>\n\n\n\n<p class=\"wp-block-paragraph\"><\/p>\n<\/div>\n\n\n\n<div class=\"wp-block-column is-layout-flow wp-block-column-is-layout-flow\">\n<div style=\"height:100px\" aria-hidden=\"true\" class=\"wp-block-spacer\"><\/div>\n\n\n\n<p class=\"has-text-align-center has-very-light-gray-to-cyan-bluish-gray-gradient-background has-background has-medium-font-size wp-block-paragraph\"><strong><strong>Objetivo del PALE:<\/strong><\/strong><\/p>\n\n\n\n<p class=\"has-text-align-left has-background wp-block-paragraph\" style=\"background:linear-gradient(135deg,rgb(241,244,249) 0%,rgba(81,141,224,0.78) 87%)\">Acompa\u00f1ar a la comunidad educativa con un enfoque definido en el crecimiento de las habilidades comunicativas como la lectura, escritura, oralidad y escucha desde una perspectiva cr\u00edtica y diferenciada seg\u00fan el contexto de aplicaci\u00f3n.<\/p>\n<\/div>\n<\/div>\n\n\n\n<hr class=\"wp-block-separator has-alpha-channel-opacity\" \/>\n\n\n\n<div style=\"height:57px\" aria-hidden=\"true\" class=\"wp-block-spacer\"><\/div>\n\n\n\n<div class=\"wp-block-group\"><div class=\"wp-block-group__inner-container is-layout-constrained wp-block-group-is-layout-constrained\"><div class=\"wp-block-image\">\n<figure class=\"aligncenter size-large is-resized\"><img loading=\"lazy\" decoding=\"async\" width=\"1024\" height=\"256\" src=\"https:\/\/vicerrectorias.utp.edu.co\/academica\/wp-content\/uploads\/sites\/9\/PAMA-Y-PALE-12-x-3-cm-2-1024x256.png\" alt=\"\" class=\"wp-image-1537\" style=\"width:696px;height:auto\" srcset=\"https:\/\/vicerrectorias.utp.edu.co\/academica\/wp-content\/uploads\/sites\/9\/PAMA-Y-PALE-12-x-3-cm-2-1024x256.png 1024w, https:\/\/vicerrectorias.utp.edu.co\/academica\/wp-content\/uploads\/sites\/9\/PAMA-Y-PALE-12-x-3-cm-2-300x75.png 300w, https:\/\/vicerrectorias.utp.edu.co\/academica\/wp-content\/uploads\/sites\/9\/PAMA-Y-PALE-12-x-3-cm-2-768x192.png 768w, https:\/\/vicerrectorias.utp.edu.co\/academica\/wp-content\/uploads\/sites\/9\/PAMA-Y-PALE-12-x-3-cm-2.png 1417w\" sizes=\"auto, (max-width: 1024px) 100vw, 1024px\" \/><\/figure>\n<\/div>\n\n\n<div style=\"height:100px\" aria-hidden=\"true\" class=\"wp-block-spacer\"><\/div>\n\n\n\n<div class=\"wp-block-columns is-layout-flex wp-container-core-columns-is-layout-8f761849 wp-block-columns-is-layout-flex\">\n<div class=\"wp-block-column is-layout-flow wp-block-column-is-layout-flow\">\n<p class=\"wp-block-paragraph\">Gesti\u00f3n Acad\u00e9mica Estudiantil es el proceso orientado a generar condiciones que favorezcan el acceso, la inserci\u00f3n, la permanencia, el desempe\u00f1o acad\u00e9mico y el egreso oportuno de los estudiantes. Para ello, articula estrategias de acompa\u00f1amiento y seguimiento acad\u00e9mico con acciones de orientaci\u00f3n e inserci\u00f3n a la vida universitaria, atendiendo las necesidades de los estudiantes durante las diferentes etapas de su trayectoria acad\u00e9mica y contribuyendo al cumplimiento de los objetivos estrat\u00e9gicos institucionales.<\/p>\n<\/div>\n\n\n\n<div class=\"wp-block-column is-layout-flow wp-block-column-is-layout-flow\"><div class=\"wp-block-image\">\n<figure class=\"aligncenter size-full is-resized\"><img loading=\"lazy\" decoding=\"async\" width=\"2560\" height=\"2560\" src=\"https:\/\/vicerrectorias.utp.edu.co\/academica\/wp-content\/uploads\/sites\/9\/qr-2-scaled.png\" alt=\"\" class=\"wp-image-1536\" style=\"width:275px;height:auto\" srcset=\"https:\/\/vicerrectorias.utp.edu.co\/academica\/wp-content\/uploads\/sites\/9\/qr-2-scaled.png 2560w, https:\/\/vicerrectorias.utp.edu.co\/academica\/wp-content\/uploads\/sites\/9\/qr-2-300x300.png 300w, https:\/\/vicerrectorias.utp.edu.co\/academica\/wp-content\/uploads\/sites\/9\/qr-2-1024x1024.png 1024w, https:\/\/vicerrectorias.utp.edu.co\/academica\/wp-content\/uploads\/sites\/9\/qr-2-150x150.png 150w, https:\/\/vicerrectorias.utp.edu.co\/academica\/wp-content\/uploads\/sites\/9\/qr-2-768x768.png 768w, https:\/\/vicerrectorias.utp.edu.co\/academica\/wp-content\/uploads\/sites\/9\/qr-2-1536x1536.png 1536w, https:\/\/vicerrectorias.utp.edu.co\/academica\/wp-content\/uploads\/sites\/9\/qr-2-2048x2048.png 2048w\" sizes=\"auto, (max-width: 2560px) 100vw, 2560px\" \/><\/figure>\n<\/div><\/div>\n<\/div>\n<\/div><\/div>\n\n\n\n<div style=\"height:100px\" aria-hidden=\"true\" class=\"wp-block-spacer\"><\/div>\n\n\n\n<div class=\"wp-block-group is-horizontal is-content-justification-center is-nowrap is-layout-flex wp-container-core-group-is-layout-ff6b006f wp-block-group-is-layout-flex\">\n<figure class=\"wp-block-image size-full\"><img loading=\"lazy\" decoding=\"async\" width=\"225\" height=\"309\" src=\"https:\/\/vicerrectorias.utp.edu.co\/academica\/wp-content\/uploads\/sites\/9\/Captura-de-pantalla-2026-09-02-115029-2.png\" alt=\"\" class=\"wp-image-1543\" srcset=\"https:\/\/vicerrectorias.utp.edu.co\/academica\/wp-content\/uploads\/sites\/9\/Captura-de-pantalla-2026-09-02-115029-2.png 225w, https:\/\/vicerrectorias.utp.edu.co\/academica\/wp-content\/uploads\/sites\/9\/Captura-de-pantalla-2026-09-02-115029-2-218x300.png 218w\" sizes=\"auto, (max-width: 225px) 100vw, 225px\" \/><figcaption class=\"wp-element-caption\"><strong>Carolina Aguirre Arias<\/strong><br><em>Profesional Especializado II<\/em><br>Administradora de Empresas<br>Mag\u00edster en Educaci\u00f3n<br>Candidata a Doctora en Did\u00e1ctica<br><a href=\"mailto:carolina.aguirre@utp.edu.co\">carolina.aguirre@utp.edu.co<\/a><br><a href=\"mailto:gestionestudiantil@utp.edu.co\">gestionestudiantil@utp.edu.co<\/a><br>Tel. 3137209<\/figcaption><\/figure>\n\n\n\n<figure class=\"wp-block-image size-full\"><img loading=\"lazy\" decoding=\"async\" width=\"231\" height=\"308\" src=\"https:\/\/vicerrectorias.utp.edu.co\/academica\/wp-content\/uploads\/sites\/9\/Captura-de-pantalla-2026-09-02-115020-1.png\" alt=\"\" class=\"wp-image-1542\" srcset=\"https:\/\/vicerrectorias.utp.edu.co\/academica\/wp-content\/uploads\/sites\/9\/Captura-de-pantalla-2026-09-02-115020-1.png 231w, https:\/\/vicerrectorias.utp.edu.co\/academica\/wp-content\/uploads\/sites\/9\/Captura-de-pantalla-2026-09-02-115020-1-225x300.png 225w\" sizes=\"auto, (max-width: 231px) 100vw, 231px\" \/><figcaption class=\"wp-element-caption\"><br><strong>Stheffania Garc\u00eda Gonz\u00e1lez<\/strong><br><em>Profesional de Apoyo<\/em><br>Ingeniera Industrial<br>Mag\u00edster en Administraci\u00f3n de Empresas<br><a href=\"mailto:s.garcia@utp.edu.co\">s.garcia@utp.edu.co<\/a><br><a href=\"mailto:gestionestudiantil@utp.edu.co\">gestionestudiantil@utp.edu.co<\/a><br>Tel. 3137811<\/figcaption><\/figure>\n<\/div>\n\n\n\n<h1 class=\"wp-block-heading has-text-align-center has-background has-large-font-size\" style=\"background:radial-gradient(rgb(217,229,231) 43%,rgb(233,204,170) 82%)\"><strong>Somos PAMA &#8211; PALE <\/strong><\/h1>\n\n\n\n<div style=\"height:100px\" aria-hidden=\"true\" class=\"wp-block-spacer\"><\/div>\n\n\n\n<p class=\"wp-block-paragraph\"><\/p>\n\n\n\n<figure class=\"wp-block-image size-full\"><img loading=\"lazy\" decoding=\"async\" width=\"1620\" height=\"1080\" src=\"https:\/\/vicerrectorias.utp.edu.co\/academica\/wp-content\/uploads\/sites\/9\/DSC4468.jpg\" alt=\"\" class=\"wp-image-799\" srcset=\"https:\/\/vicerrectorias.utp.edu.co\/academica\/wp-content\/uploads\/sites\/9\/DSC4468.jpg 1620w, https:\/\/vicerrectorias.utp.edu.co\/academica\/wp-content\/uploads\/sites\/9\/DSC4468-300x200.jpg 300w, https:\/\/vicerrectorias.utp.edu.co\/academica\/wp-content\/uploads\/sites\/9\/DSC4468-1024x683.jpg 1024w, https:\/\/vicerrectorias.utp.edu.co\/academica\/wp-content\/uploads\/sites\/9\/DSC4468-768x512.jpg 768w, https:\/\/vicerrectorias.utp.edu.co\/academica\/wp-content\/uploads\/sites\/9\/DSC4468-1536x1024.jpg 1536w\" sizes=\"auto, (max-width: 1620px) 100vw, 1620px\" \/><\/figure>\n\n\n\n<hr class=\"wp-block-separator has-alpha-channel-opacity\" \/>\n\n\n\n<div style=\"height:85px\" aria-hidden=\"true\" class=\"wp-block-spacer\"><\/div>\n\n\n\n<div style=\"height:135px\" aria-hidden=\"true\" class=\"wp-block-spacer\"><\/div>\n\n\n\n<hr class=\"wp-block-separator has-alpha-channel-opacity\" \/>\n\n\n\n<figure class=\"wp-block-image size-full\"><img loading=\"lazy\" decoding=\"async\" width=\"1417\" height=\"354\" src=\"https:\/\/vicerrectorias.utp.edu.co\/academica\/wp-content\/uploads\/sites\/9\/PAMA-Y-PALE-12-x-3-cm-1-1.png\" alt=\"\" class=\"wp-image-1497\" srcset=\"https:\/\/vicerrectorias.utp.edu.co\/academica\/wp-content\/uploads\/sites\/9\/PAMA-Y-PALE-12-x-3-cm-1-1.png 1417w, https:\/\/vicerrectorias.utp.edu.co\/academica\/wp-content\/uploads\/sites\/9\/PAMA-Y-PALE-12-x-3-cm-1-1-300x75.png 300w, https:\/\/vicerrectorias.utp.edu.co\/academica\/wp-content\/uploads\/sites\/9\/PAMA-Y-PALE-12-x-3-cm-1-1-1024x256.png 1024w, https:\/\/vicerrectorias.utp.edu.co\/academica\/wp-content\/uploads\/sites\/9\/PAMA-Y-PALE-12-x-3-cm-1-1-768x192.png 768w\" sizes=\"auto, (max-width: 1417px) 100vw, 1417px\" \/><\/figure>\n\n\n\n<div style=\"height:51px\" aria-hidden=\"true\" class=\"wp-block-spacer\"><\/div>\n\n\n\n<p class=\"has-text-align-center has-medium-font-size wp-block-paragraph\">   <strong>Perfil profesional del Profesional L\u00edder del PAMA y su equipo (cu\u00e1ntos son y a qu\u00e9 se dedican)<\/strong><\/p>\n\n\n\n<div class=\"wp-block-columns is-layout-flex wp-container-core-columns-is-layout-8f761849 wp-block-columns-is-layout-flex\">\n<div class=\"wp-block-column is-layout-flow wp-block-column-is-layout-flow\">\n<p class=\"has-text-align-center has-medium-font-size wp-block-paragraph\"><strong>\u00bfCu\u00e1l es el perfil del l\u00edder? <\/strong><\/p>\n\n\n\n<p class=\"has-text-align-center has-small-font-size wp-block-paragraph\"><em><strong>Luz Elena- Profesional encargado del PAMA<\/strong><\/em><\/p>\n\n\n\n<p class=\"has-small-font-size wp-block-paragraph\">Licenciada en Matem\u00e1ticas y F\u00edsica de la Universidad Tecnol\u00f3gica de Pereira (UTP) y con una Maestr\u00eda en Ense\u00f1anza de la Matem\u00e1tica de la misma universidad. Trabaj\u00f3 en el programa de Acompa\u00f1amiento en Matem\u00e1ticas (PAMA) como profesional de apoyo durante dos a\u00f1os (2017-2019) y actualmente ocupa el cargo de profesional l\u00edder a cargo del PAMA en la UTP, donde tambi\u00e9n se desempe\u00f1a como docente en el Departamento de Matem\u00e1ticas, contribuyendo al desarrollo de estrategias pedag\u00f3gicas efectivas y apoyando a los estudiantes en su proceso de aprendizaje.<\/p>\n<\/div>\n\n\n\n<div class=\"wp-block-column is-layout-flow wp-block-column-is-layout-flow\">\n<figure class=\"wp-block-image size-full\"><img loading=\"lazy\" decoding=\"async\" width=\"228\" height=\"308\" src=\"https:\/\/vicerrectorias.utp.edu.co\/academica\/wp-content\/uploads\/sites\/9\/Captura-de-pantalla-2026-09-02-125443.png\" alt=\"\" class=\"wp-image-1545\" srcset=\"https:\/\/vicerrectorias.utp.edu.co\/academica\/wp-content\/uploads\/sites\/9\/Captura-de-pantalla-2026-09-02-125443.png 228w, https:\/\/vicerrectorias.utp.edu.co\/academica\/wp-content\/uploads\/sites\/9\/Captura-de-pantalla-2026-09-02-125443-222x300.png 222w\" sizes=\"auto, (max-width: 228px) 100vw, 228px\" \/><\/figure>\n<\/div>\n<\/div>\n\n\n\n<hr class=\"wp-block-separator has-alpha-channel-opacity\" \/>\n\n\n\n<div class=\"wp-block-columns is-layout-flex wp-container-core-columns-is-layout-8f761849 wp-block-columns-is-layout-flex\">\n<div class=\"wp-block-column is-layout-flow wp-block-column-is-layout-flow\">\n<p class=\"has-text-align-left has-medium-font-size wp-block-paragraph\"><strong>\u00bfC\u00f3mo se conforma el equipo del PAMA?<\/strong><\/p>\n\n\n\n<p class=\"has-small-font-size wp-block-paragraph\">El equipo del PAMA est\u00e1 integrado por seis monitores acad\u00e9micos y tres monitoras administrativas, quienes son estudiantes de diversas disciplinas de ingenier\u00eda, incluyendo ingenier\u00eda el\u00e9ctrica, mec\u00e1nica, f\u00edsica e industrial. Adem\u00e1s, cuenta con el apoyo de dos profesionales, ambos Licenciados en Matem\u00e1ticas y F\u00edsica, as\u00ed como estudiantes de la Maestr\u00eda en Matem\u00e1ticas. Esta estructura garantiza un proceso interno s\u00f3lido y una continuidad en la perspectiva promovida desde el inicio del programa.<\/p>\n<\/div>\n\n\n\n<div class=\"wp-block-column is-layout-flow wp-block-column-is-layout-flow\">\n<figure class=\"wp-block-image size-full is-resized\"><img loading=\"lazy\" decoding=\"async\" width=\"786\" height=\"522\" src=\"https:\/\/vicerrectorias.utp.edu.co\/academica\/wp-content\/uploads\/sites\/9\/Captura-de-pantalla-2026-09-02-125608.png\" alt=\"\" class=\"wp-image-1546\" style=\"aspect-ratio:1.5057946537767166;width:317px;height:auto\" srcset=\"https:\/\/vicerrectorias.utp.edu.co\/academica\/wp-content\/uploads\/sites\/9\/Captura-de-pantalla-2026-09-02-125608.png 786w, https:\/\/vicerrectorias.utp.edu.co\/academica\/wp-content\/uploads\/sites\/9\/Captura-de-pantalla-2026-09-02-125608-300x199.png 300w, https:\/\/vicerrectorias.utp.edu.co\/academica\/wp-content\/uploads\/sites\/9\/Captura-de-pantalla-2026-09-02-125608-768x510.png 768w\" sizes=\"auto, (max-width: 786px) 100vw, 786px\" \/><\/figure>\n<\/div>\n<\/div>\n\n\n\n<div style=\"height:100px\" aria-hidden=\"true\" class=\"wp-block-spacer\"><\/div>\n\n\n\n<p class=\"has-small-font-size wp-block-paragraph\"><strong><em>Estudiante UTP<\/em><\/strong><\/p>\n\n\n\n<p class=\"has-text-align-left wp-block-paragraph\"><strong>\u00bfHas encontrado asignaturas que te generan inquietud o confusi\u00f3n?<\/strong><\/p>\n\n\n\n<p class=\"has-small-font-size wp-block-paragraph\">Si solo comprendes un poco o te sientes perdido, somos tu soluci\u00f3n. La clave est\u00e1 en tener el valor de hacer preguntas, cada una es una oportunidad para aclarar tus dudas y avanzar en tu aprendizaje.<\/p>\n\n\n\n<p class=\"has-small-font-size wp-block-paragraph\">Puede ser dif\u00edcil pedirle al profesor que repita una explicaci\u00f3n o ampl\u00ede un tema. Por eso, con el <strong>PAMA<\/strong> (Programa de Acompa\u00f1amiento en Matem\u00e1ticas) tendr\u00e1s la oportunidad de recibir asesor\u00edas personalizadas de una hora y que pueden extenderse a m\u00e1s sesiones seg\u00fan tus necesidades.&nbsp; El <strong>PAMA<\/strong> cuenta con el apoyo de monitores y docentes especializados que te ayudar\u00e1n en las dudas de temas espec\u00edficos en Matem\u00e1ticas, proporcionando ejercicios y actividades de refuerzo para afianzar tu aprendizaje.<\/p>\n\n\n\n<p class=\"has-small-font-size wp-block-paragraph\">Nuestro objetivo es apoyarte a entender mejor los fundamentos matem\u00e1ticos, potenciar tus habilidades para abordar y resolver problemas matem\u00e1ticos y orientarte en la revisi\u00f3n y estudio de temas espec\u00edficos para tus evaluaciones.<\/p>\n\n\n\n<p class=\"has-small-font-size wp-block-paragraph\">Es un servicio gratuito dise\u00f1ado para apoyar institucionalmente a los estudiantes UTP.<\/p>\n\n\n\n<p class=\"has-small-font-size wp-block-paragraph\"><strong><em>Docente UTP<\/em><\/strong><br><\/p>\n\n\n\n<p class=\"wp-block-paragraph\"><strong>\u00bfC\u00f3mo puedes potenciar el aprendizaje de tus estudiantes en matem\u00e1ticas si notas que enfrentan dificultades en conceptos claves?<\/strong><\/p>\n\n\n\n<p class=\"has-small-font-size wp-block-paragraph\">Si observas que tus estudiantes tienen dificultades en ciertos temas, podemos ofrecer talleres espec\u00edficos que aborden esas necesidades. Por ejemplo, si notas que les cuesta entender ciertos conceptos, desde el PAMA (Programa de Acompa\u00f1amiento en Matem\u00e1ticas) podemos organizar un taller de refuerzo en esos temas.<\/p>\n\n\n\n<p class=\"has-small-font-size wp-block-paragraph\">Con el <strong>PAMA<\/strong>, tienes la oportunidad de solicitar talleres en el aula que fortalezcan la comprensi\u00f3n de temas espec\u00edficos en Matem\u00e1ticas Fundamentales, C\u00e1lculo Diferencial y C\u00e1lculo Integral. Adem\u00e1s, puedes remitir estudiantes al PAMA cuando identifiques casos que requieran atenci\u00f3n individualizada.<\/p>\n\n\n\n<p class=\"has-small-font-size wp-block-paragraph\">Asimismo, organizamos talleres generalizados para toda la comunidad universitaria, adaptados a necesidades puntuales, donde tambi\u00e9n puedes invitar a tus estudiantes a participar.<\/p>\n\n\n\n<p class=\"has-small-font-size wp-block-paragraph\">Cada taller del <strong>PAMA<\/strong> est\u00e1 dise\u00f1ado para integrarse con tus momentos de aula. Esto significa que, si solicitas un taller sobre un tema espec\u00edfico, estar\u00e1 alineado con las actividades de tu plan de estudios. Nuestro objetivo es garantizar que tus estudiantes se desempe\u00f1en de manera \u00f3ptima durante su proceso de aprendizaje.<\/p>\n\n\n\n<div class=\"wp-block-columns is-layout-flex wp-container-core-columns-is-layout-8f761849 wp-block-columns-is-layout-flex\">\n<div class=\"wp-block-column is-layout-flow wp-block-column-is-layout-flow\" style=\"flex-basis:66.66%\">\n<hr class=\"wp-block-separator has-alpha-channel-opacity\" \/>\n\n\n\n<div style=\"height:84px\" aria-hidden=\"true\" class=\"wp-block-spacer\"><\/div>\n\n\n\n<p class=\"has-small-font-size wp-block-paragraph\"><br><\/p>\n\n\n\n<div class=\"wp-block-columns is-layout-flex wp-container-core-columns-is-layout-8f761849 wp-block-columns-is-layout-flex\">\n<div class=\"wp-block-column is-layout-flow wp-block-column-is-layout-flow\">\n<figure class=\"wp-block-image size-large\"><img loading=\"lazy\" decoding=\"async\" width=\"768\" height=\"1024\" src=\"https:\/\/vicerrectorias.utp.edu.co\/academica\/wp-content\/uploads\/sites\/9\/PHOTO-2025-06-03-14-54-39-768x1024.jpg\" alt=\"\" class=\"wp-image-807\" srcset=\"https:\/\/vicerrectorias.utp.edu.co\/academica\/wp-content\/uploads\/sites\/9\/PHOTO-2025-06-03-14-54-39-768x1024.jpg 768w, https:\/\/vicerrectorias.utp.edu.co\/academica\/wp-content\/uploads\/sites\/9\/PHOTO-2025-06-03-14-54-39-225x300.jpg 225w, https:\/\/vicerrectorias.utp.edu.co\/academica\/wp-content\/uploads\/sites\/9\/PHOTO-2025-06-03-14-54-39.jpg 960w\" sizes=\"auto, (max-width: 768px) 100vw, 768px\" \/><\/figure>\n<\/div>\n\n\n\n<div class=\"wp-block-column is-layout-flow wp-block-column-is-layout-flow\">\n<figure class=\"wp-block-image size-large\"><img loading=\"lazy\" decoding=\"async\" width=\"1024\" height=\"768\" src=\"https:\/\/vicerrectorias.utp.edu.co\/academica\/wp-content\/uploads\/sites\/9\/PHOTO-2025-06-03-14-55-06-1024x768.jpg\" alt=\"\" class=\"wp-image-808\" srcset=\"https:\/\/vicerrectorias.utp.edu.co\/academica\/wp-content\/uploads\/sites\/9\/PHOTO-2025-06-03-14-55-06-1024x768.jpg 1024w, https:\/\/vicerrectorias.utp.edu.co\/academica\/wp-content\/uploads\/sites\/9\/PHOTO-2025-06-03-14-55-06-300x225.jpg 300w, https:\/\/vicerrectorias.utp.edu.co\/academica\/wp-content\/uploads\/sites\/9\/PHOTO-2025-06-03-14-55-06-768x576.jpg 768w, https:\/\/vicerrectorias.utp.edu.co\/academica\/wp-content\/uploads\/sites\/9\/PHOTO-2025-06-03-14-55-06.jpg 1280w\" sizes=\"auto, (max-width: 1024px) 100vw, 1024px\" \/><\/figure>\n\n\n\n<h2 class=\"wp-block-heading\">Mentor\u00eda personalizada<\/h2>\n<\/div>\n\n\n\n<div class=\"wp-block-column is-layout-flow wp-block-column-is-layout-flow\">\n<figure class=\"wp-block-image size-large\"><img loading=\"lazy\" decoding=\"async\" width=\"1024\" height=\"768\" src=\"https:\/\/vicerrectorias.utp.edu.co\/academica\/wp-content\/uploads\/sites\/9\/PHOTO-2025-06-03-15-03-42-1024x768.jpg\" alt=\"\" class=\"wp-image-809\" srcset=\"https:\/\/vicerrectorias.utp.edu.co\/academica\/wp-content\/uploads\/sites\/9\/PHOTO-2025-06-03-15-03-42-1024x768.jpg 1024w, https:\/\/vicerrectorias.utp.edu.co\/academica\/wp-content\/uploads\/sites\/9\/PHOTO-2025-06-03-15-03-42-300x225.jpg 300w, https:\/\/vicerrectorias.utp.edu.co\/academica\/wp-content\/uploads\/sites\/9\/PHOTO-2025-06-03-15-03-42-768x576.jpg 768w, https:\/\/vicerrectorias.utp.edu.co\/academica\/wp-content\/uploads\/sites\/9\/PHOTO-2025-06-03-15-03-42.jpg 1280w\" sizes=\"auto, (max-width: 1024px) 100vw, 1024px\" \/><\/figure>\n\n\n\n<figure class=\"wp-block-image size-large\"><img loading=\"lazy\" decoding=\"async\" width=\"1024\" height=\"768\" src=\"https:\/\/vicerrectorias.utp.edu.co\/academica\/wp-content\/uploads\/sites\/9\/PHOTO-2025-06-03-15-04-45-1024x768.jpg\" alt=\"\" class=\"wp-image-810\" srcset=\"https:\/\/vicerrectorias.utp.edu.co\/academica\/wp-content\/uploads\/sites\/9\/PHOTO-2025-06-03-15-04-45-1024x768.jpg 1024w, https:\/\/vicerrectorias.utp.edu.co\/academica\/wp-content\/uploads\/sites\/9\/PHOTO-2025-06-03-15-04-45-300x225.jpg 300w, https:\/\/vicerrectorias.utp.edu.co\/academica\/wp-content\/uploads\/sites\/9\/PHOTO-2025-06-03-15-04-45-768x576.jpg 768w, https:\/\/vicerrectorias.utp.edu.co\/academica\/wp-content\/uploads\/sites\/9\/PHOTO-2025-06-03-15-04-45.jpg 1280w\" sizes=\"auto, (max-width: 1024px) 100vw, 1024px\" \/><\/figure>\n<\/div>\n<\/div>\n<\/div>\n\n\n\n<div class=\"wp-block-column is-layout-flow wp-block-column-is-layout-flow\"><\/div>\n<\/div>\n\n\n\n<div style=\"height:100px\" aria-hidden=\"true\" class=\"wp-block-spacer\"><\/div>\n\n\n\n<hr class=\"wp-block-separator has-alpha-channel-opacity\" \/>\n\n\n\n<figure class=\"wp-block-image size-full\"><img loading=\"lazy\" decoding=\"async\" width=\"1417\" height=\"354\" src=\"https:\/\/vicerrectorias.utp.edu.co\/academica\/wp-content\/uploads\/sites\/9\/PAMA-Y-PALE-12-x-3-cm-1.png\" alt=\"\" class=\"wp-image-1495\" srcset=\"https:\/\/vicerrectorias.utp.edu.co\/academica\/wp-content\/uploads\/sites\/9\/PAMA-Y-PALE-12-x-3-cm-1.png 1417w, https:\/\/vicerrectorias.utp.edu.co\/academica\/wp-content\/uploads\/sites\/9\/PAMA-Y-PALE-12-x-3-cm-1-300x75.png 300w, https:\/\/vicerrectorias.utp.edu.co\/academica\/wp-content\/uploads\/sites\/9\/PAMA-Y-PALE-12-x-3-cm-1-1024x256.png 1024w, https:\/\/vicerrectorias.utp.edu.co\/academica\/wp-content\/uploads\/sites\/9\/PAMA-Y-PALE-12-x-3-cm-1-768x192.png 768w\" sizes=\"auto, (max-width: 1417px) 100vw, 1417px\" \/><\/figure>\n\n\n\n<div style=\"height:61px\" aria-hidden=\"true\" class=\"wp-block-spacer\"><\/div>\n\n\n\n<div class=\"wp-block-columns is-layout-flex wp-container-core-columns-is-layout-8f761849 wp-block-columns-is-layout-flex\">\n<div class=\"wp-block-column is-layout-flow wp-block-column-is-layout-flow\" style=\"flex-basis:33.33%\">\n<figure class=\"wp-block-image size-full is-style-default\"><img loading=\"lazy\" decoding=\"async\" width=\"1620\" height=\"1080\" src=\"https:\/\/vicerrectorias.utp.edu.co\/academica\/wp-content\/uploads\/sites\/9\/DSC4458.jpg\" alt=\"\" class=\"wp-image-801\" style=\"object-fit:cover\" srcset=\"https:\/\/vicerrectorias.utp.edu.co\/academica\/wp-content\/uploads\/sites\/9\/DSC4458.jpg 1620w, https:\/\/vicerrectorias.utp.edu.co\/academica\/wp-content\/uploads\/sites\/9\/DSC4458-300x200.jpg 300w, https:\/\/vicerrectorias.utp.edu.co\/academica\/wp-content\/uploads\/sites\/9\/DSC4458-1024x683.jpg 1024w, https:\/\/vicerrectorias.utp.edu.co\/academica\/wp-content\/uploads\/sites\/9\/DSC4458-768x512.jpg 768w, https:\/\/vicerrectorias.utp.edu.co\/academica\/wp-content\/uploads\/sites\/9\/DSC4458-1536x1024.jpg 1536w\" sizes=\"auto, (max-width: 1620px) 100vw, 1620px\" \/><figcaption class=\"wp-element-caption\">Integrantes del PALE<\/figcaption><\/figure>\n\n\n\n<div style=\"height:100px\" aria-hidden=\"true\" class=\"wp-block-spacer\"><\/div>\n\n\n<div class=\"wp-block-image\">\n<figure class=\"aligncenter size-large is-resized\"><img loading=\"lazy\" decoding=\"async\" width=\"577\" height=\"1027\" src=\"https:\/\/vicerrectorias.utp.edu.co\/academica\/wp-content\/uploads\/sites\/9\/PIEZA-edited.png\" alt=\"\" class=\"wp-image-1448\" style=\"aspect-ratio:0.5618483187018667;width:220px;height:auto\" srcset=\"https:\/\/vicerrectorias.utp.edu.co\/academica\/wp-content\/uploads\/sites\/9\/PIEZA-edited.png 577w, https:\/\/vicerrectorias.utp.edu.co\/academica\/wp-content\/uploads\/sites\/9\/PIEZA-edited-169x300.png 169w, https:\/\/vicerrectorias.utp.edu.co\/academica\/wp-content\/uploads\/sites\/9\/PIEZA-edited-575x1024.png 575w\" sizes=\"auto, (max-width: 577px) 100vw, 577px\" \/><\/figure>\n<\/div>\n\n\n<div style=\"height:65px\" aria-hidden=\"true\" class=\"wp-block-spacer\"><\/div>\n\n\n\n<figure class=\"wp-block-image size-large\"><img loading=\"lazy\" decoding=\"async\" width=\"1024\" height=\"683\" src=\"https:\/\/vicerrectorias.utp.edu.co\/academica\/wp-content\/uploads\/sites\/9\/DSC4463-1-1024x683.jpg\" alt=\"\" class=\"wp-image-802\" srcset=\"https:\/\/vicerrectorias.utp.edu.co\/academica\/wp-content\/uploads\/sites\/9\/DSC4463-1-1024x683.jpg 1024w, https:\/\/vicerrectorias.utp.edu.co\/academica\/wp-content\/uploads\/sites\/9\/DSC4463-1-300x200.jpg 300w, https:\/\/vicerrectorias.utp.edu.co\/academica\/wp-content\/uploads\/sites\/9\/DSC4463-1-768x512.jpg 768w, https:\/\/vicerrectorias.utp.edu.co\/academica\/wp-content\/uploads\/sites\/9\/DSC4463-1-1536x1024.jpg 1536w, https:\/\/vicerrectorias.utp.edu.co\/academica\/wp-content\/uploads\/sites\/9\/DSC4463-1.jpg 1620w\" sizes=\"auto, (max-width: 1024px) 100vw, 1024px\" \/><\/figure>\n<\/div>\n\n\n\n<div class=\"wp-block-column is-layout-flow wp-block-column-is-layout-flow\" style=\"flex-basis:66.66%\">\n<p class=\"has-medium-font-size wp-block-paragraph\"><strong>Perfil profesional del Profesional L\u00edder del PALE y su equipo (cu\u00e1ntos son y a qu\u00e9 se dedican)<\/strong><\/p>\n\n\n\n<p class=\"has-medium-font-size wp-block-paragraph\"><strong>\u00bfCu\u00e1l es el perfil del l\u00edder del PALE?<\/strong>}<\/p>\n\n\n\n<p class=\"has-medium-font-size wp-block-paragraph\"><em><strong>Sebasti\u00e1n Henao Ospina<\/strong> &#8211; Profesional encargado del PALE<\/em><\/p>\n\n\n\n<p class=\"has-small-font-size wp-block-paragraph\"><br>Mag\u00edster en Estudios Culturales y Narrativas Contempor\u00e1neas y Licenciado en Espa\u00f1ol y Literatura (UTP). Docente Catedr\u00e1tico Auxiliar para el Departamento de Humanidades e Investigador en Did\u00e1cticas de la Lectura, Escritura, Oralidad y Escucha (DIOLEE), con trayectoria en pedagog\u00edas decoloniales, esto desde el Grupo de Investigaci\u00f3n en Literatura Latinoamericana y Ense\u00f1anza de la Literatura (UTP). Ha liderado proyectos de investigaci\u00f3n aplicada y extensi\u00f3n universitaria desde el Programa de Acompa\u00f1amiento en Lectura y Escritura (PALE) en la UTP, as\u00ed como la producci\u00f3n de textos acad\u00e9micos y literarios. Ponente en congresos internacionales y nacionales. Coautor del libro producto de investigaci\u00f3n Apalabrar la Experiencia: Did\u00e1cticas para el Aula (Editorial UTP, 2024).<\/p>\n\n\n\n<p class=\"has-medium-font-size wp-block-paragraph\"><strong>\u00bfC\u00f3mo se conforma el equipo del PALE?<\/strong><\/p>\n\n\n\n<p class=\"has-small-font-size wp-block-paragraph\">El equipo del PALE se compone por cinco monitoras acad\u00e9micas, estudiantes del programa de Literatura y Lengua Castellana, adem\u00e1s, un profesional de apoyo, egresado del mismo programa y que ha sido, al igual que el profesional l\u00edder, monitor acad\u00e9mico, esto garantiza un proceso al interior del programa y una continuidad en la perspectiva que se ha promovido desde su origen.<\/p>\n\n\n\n<p class=\"has-medium-font-size wp-block-paragraph\"><strong>\u00bfQu\u00e9 puede encontrar en el PALE?<\/strong><\/p>\n\n\n\n<p class=\"has-small-font-size wp-block-paragraph\"><strong><em>Estudiante UTP<\/em><\/strong><\/p>\n\n\n\n<p class=\"has-small-font-size wp-block-paragraph\">Con el PALE tendr\u00e1s inicialmente, una asesor\u00eda individual de una hora, esta se puede extender a muchas m\u00e1s sesiones dependiendo de tus necesidades, en este orden, te podemos apoyar en la redacci\u00f3n de tus textos, mejora en tu expresi\u00f3n oral y corporal, potenciar tus habilidades para la comprensi\u00f3n lectora, incluso, puedes llegar con tu anteproyecto o proyecto de grado y lo revisamos en conjunto para orientarte en esos puntos que a\u00fan est\u00e1n algo d\u00e9biles. No olvides que todo esto es gratuito ya que es un programa plenamente institucional al servicio de todos los estudiantes de la UTP.&nbsp;<\/p>\n\n\n\n<p class=\"has-small-font-size wp-block-paragraph\"><strong><em>Docente UTP&nbsp;<\/em><\/strong><\/p>\n\n\n\n<p class=\"has-small-font-size wp-block-paragraph\">Con el PALE puedes solicitar talleres en tu aula de acuerdo a la habilidad comunicativa que requieras potenciar, por ejemplo, escritura de informes de laboratorio, ensayos, rese\u00f1as, res\u00famenes entre otras tipolog\u00edas textuales. Si ves a los estudiantes con d\u00e9ficits para exponer, te podemos apoyar con un taller de expresi\u00f3n oral, o si acaso notas que se les dificulta comprender los textos asignados, no hay problema, puedes pedir un taller asociado a herramientas para la comprensi\u00f3n lectora. Finalmente, ten presente que cada taller del PALE se vincula a tus momentos de aula, es decir, si solicitas un taller de informe de laboratorio es porque dentro de tu plan de estudios, tienes esta actividad propuesta y quieres que los estudiantes lo hagan estupendo durante el proceso.&nbsp;<\/p>\n<\/div>\n<\/div>\n\n\n\n<div style=\"height:100px\" aria-hidden=\"true\" class=\"wp-block-spacer\"><\/div>\n\n\n\n<hr class=\"wp-block-separator has-alpha-channel-opacity\" \/>\n\n\n\n<p class=\"has-text-align-center has-medium-font-size wp-block-paragraph\"><strong>Talleres y acompa\u00f1amiento <\/strong><\/p>\n\n\n\n<div class=\"wp-block-columns is-layout-flex wp-container-core-columns-is-layout-8f761849 wp-block-columns-is-layout-flex\">\n<div class=\"wp-block-column is-layout-flow wp-block-column-is-layout-flow\">\n<figure class=\"wp-block-image size-large\"><img loading=\"lazy\" decoding=\"async\" width=\"1024\" height=\"768\" src=\"https:\/\/vicerrectorias.utp.edu.co\/academica\/wp-content\/uploads\/sites\/9\/Ima1-1024x768.jpg\" alt=\"\" class=\"wp-image-546\" srcset=\"https:\/\/vicerrectorias.utp.edu.co\/academica\/wp-content\/uploads\/sites\/9\/Ima1-1024x768.jpg 1024w, https:\/\/vicerrectorias.utp.edu.co\/academica\/wp-content\/uploads\/sites\/9\/Ima1-300x225.jpg 300w, https:\/\/vicerrectorias.utp.edu.co\/academica\/wp-content\/uploads\/sites\/9\/Ima1-768x576.jpg 768w, https:\/\/vicerrectorias.utp.edu.co\/academica\/wp-content\/uploads\/sites\/9\/Ima1.jpg 1296w\" sizes=\"auto, (max-width: 1024px) 100vw, 1024px\" \/><\/figure>\n<\/div>\n\n\n\n<div class=\"wp-block-column is-layout-flow wp-block-column-is-layout-flow\">\n<figure class=\"wp-block-image size-large\"><img loading=\"lazy\" decoding=\"async\" width=\"1024\" height=\"768\" src=\"https:\/\/vicerrectorias.utp.edu.co\/academica\/wp-content\/uploads\/sites\/9\/ima2-1024x768.jpg\" alt=\"\" class=\"wp-image-547\" srcset=\"https:\/\/vicerrectorias.utp.edu.co\/academica\/wp-content\/uploads\/sites\/9\/ima2-1024x768.jpg 1024w, https:\/\/vicerrectorias.utp.edu.co\/academica\/wp-content\/uploads\/sites\/9\/ima2-300x225.jpg 300w, https:\/\/vicerrectorias.utp.edu.co\/academica\/wp-content\/uploads\/sites\/9\/ima2-768x576.jpg 768w, https:\/\/vicerrectorias.utp.edu.co\/academica\/wp-content\/uploads\/sites\/9\/ima2.jpg 1280w\" sizes=\"auto, (max-width: 1024px) 100vw, 1024px\" \/><\/figure>\n<\/div>\n\n\n\n<div class=\"wp-block-column is-layout-flow wp-block-column-is-layout-flow\">\n<figure class=\"wp-block-image size-large\"><img loading=\"lazy\" decoding=\"async\" width=\"1024\" height=\"768\" src=\"https:\/\/vicerrectorias.utp.edu.co\/academica\/wp-content\/uploads\/sites\/9\/ima3-1024x768.jpg\" alt=\"\" class=\"wp-image-548\" srcset=\"https:\/\/vicerrectorias.utp.edu.co\/academica\/wp-content\/uploads\/sites\/9\/ima3-1024x768.jpg 1024w, https:\/\/vicerrectorias.utp.edu.co\/academica\/wp-content\/uploads\/sites\/9\/ima3-300x225.jpg 300w, https:\/\/vicerrectorias.utp.edu.co\/academica\/wp-content\/uploads\/sites\/9\/ima3-768x576.jpg 768w, https:\/\/vicerrectorias.utp.edu.co\/academica\/wp-content\/uploads\/sites\/9\/ima3.jpg 1296w\" sizes=\"auto, (max-width: 1024px) 100vw, 1024px\" \/><\/figure>\n<\/div>\n<\/div>\n\n\n\n<p class=\"has-text-align-center has-medium-font-size wp-block-paragraph\"><strong>Talleres Ub\u00edcate <\/strong><\/p>\n\n\n\n<hr class=\"wp-block-separator has-alpha-channel-opacity\" \/>\n\n\n\n<div class=\"wp-block-columns is-layout-flex wp-container-core-columns-is-layout-8f761849 wp-block-columns-is-layout-flex\">\n<div class=\"wp-block-column is-layout-flow wp-block-column-is-layout-flow\">\n<figure class=\"wp-block-image size-large\"><img loading=\"lazy\" decoding=\"async\" width=\"1024\" height=\"770\" src=\"https:\/\/vicerrectorias.utp.edu.co\/academica\/wp-content\/uploads\/sites\/9\/WhatsApp-Image-2024-07-29-at-6.25.58-PM-1024x770.jpeg\" alt=\"\" class=\"wp-image-631\" srcset=\"https:\/\/vicerrectorias.utp.edu.co\/academica\/wp-content\/uploads\/sites\/9\/WhatsApp-Image-2024-07-29-at-6.25.58-PM-1024x770.jpeg 1024w, https:\/\/vicerrectorias.utp.edu.co\/academica\/wp-content\/uploads\/sites\/9\/WhatsApp-Image-2024-07-29-at-6.25.58-PM-300x226.jpeg 300w, https:\/\/vicerrectorias.utp.edu.co\/academica\/wp-content\/uploads\/sites\/9\/WhatsApp-Image-2024-07-29-at-6.25.58-PM-768x578.jpeg 768w, https:\/\/vicerrectorias.utp.edu.co\/academica\/wp-content\/uploads\/sites\/9\/WhatsApp-Image-2024-07-29-at-6.25.58-PM.jpeg 1280w\" sizes=\"auto, (max-width: 1024px) 100vw, 1024px\" \/><\/figure>\n<\/div>\n\n\n\n<div class=\"wp-block-column is-layout-flow wp-block-column-is-layout-flow\">\n<figure class=\"wp-block-image size-large\"><img loading=\"lazy\" decoding=\"async\" width=\"1024\" height=\"771\" src=\"https:\/\/vicerrectorias.utp.edu.co\/academica\/wp-content\/uploads\/sites\/9\/WhatsApp-Image-2024-07-31-at-6.52.39-PM-1024x771.jpeg\" alt=\"\" class=\"wp-image-632\" srcset=\"https:\/\/vicerrectorias.utp.edu.co\/academica\/wp-content\/uploads\/sites\/9\/WhatsApp-Image-2024-07-31-at-6.52.39-PM-1024x771.jpeg 1024w, https:\/\/vicerrectorias.utp.edu.co\/academica\/wp-content\/uploads\/sites\/9\/WhatsApp-Image-2024-07-31-at-6.52.39-PM-300x226.jpeg 300w, https:\/\/vicerrectorias.utp.edu.co\/academica\/wp-content\/uploads\/sites\/9\/WhatsApp-Image-2024-07-31-at-6.52.39-PM-768x578.jpeg 768w, https:\/\/vicerrectorias.utp.edu.co\/academica\/wp-content\/uploads\/sites\/9\/WhatsApp-Image-2024-07-31-at-6.52.39-PM-1536x1156.jpeg 1536w, https:\/\/vicerrectorias.utp.edu.co\/academica\/wp-content\/uploads\/sites\/9\/WhatsApp-Image-2024-07-31-at-6.52.39-PM.jpeg 1600w\" sizes=\"auto, (max-width: 1024px) 100vw, 1024px\" \/><\/figure>\n<\/div>\n\n\n\n<div class=\"wp-block-column is-layout-flow wp-block-column-is-layout-flow\">\n<figure class=\"wp-block-image size-large\"><img loading=\"lazy\" decoding=\"async\" width=\"1024\" height=\"771\" src=\"https:\/\/vicerrectorias.utp.edu.co\/academica\/wp-content\/uploads\/sites\/9\/WhatsApp-Image-2024-08-01-at-7.52.33-PM-1024x771.jpeg\" alt=\"\" class=\"wp-image-633\" srcset=\"https:\/\/vicerrectorias.utp.edu.co\/academica\/wp-content\/uploads\/sites\/9\/WhatsApp-Image-2024-08-01-at-7.52.33-PM-1024x771.jpeg 1024w, https:\/\/vicerrectorias.utp.edu.co\/academica\/wp-content\/uploads\/sites\/9\/WhatsApp-Image-2024-08-01-at-7.52.33-PM-300x226.jpeg 300w, https:\/\/vicerrectorias.utp.edu.co\/academica\/wp-content\/uploads\/sites\/9\/WhatsApp-Image-2024-08-01-at-7.52.33-PM-768x578.jpeg 768w, https:\/\/vicerrectorias.utp.edu.co\/academica\/wp-content\/uploads\/sites\/9\/WhatsApp-Image-2024-08-01-at-7.52.33-PM-1536x1156.jpeg 1536w, https:\/\/vicerrectorias.utp.edu.co\/academica\/wp-content\/uploads\/sites\/9\/WhatsApp-Image-2024-08-01-at-7.52.33-PM.jpeg 1600w\" sizes=\"auto, (max-width: 1024px) 100vw, 1024px\" \/><\/figure>\n<\/div>\n<\/div>\n\n\n\n<div style=\"height:121px\" aria-hidden=\"true\" class=\"wp-block-spacer\"><\/div>\n","protected":false},"excerpt":{"rendered":"<p>Objetivo del PAMA: Acompa\u00f1ar y apoyar a los estudiantes de la UTP en el proceso formativo, contribuyendo al desarrollo y [&hellip;]<\/p>\n","protected":false},"author":1,"featured_media":0,"comment_status":"closed","ping_status":"closed","sticky":false,"template":"","format":"standard","meta":{"footnotes":""},"categories":[1],"tags":[],"class_list":["post-301","post","type-post","status-publish","format-standard","hentry","category-sin-categoria"],"_links":{"self":[{"href":"https:\/\/vicerrectorias.utp.edu.co\/academica\/wp-json\/wp\/v2\/posts\/301","targetHints":{"allow":["GET"]}}],"collection":[{"href":"https:\/\/vicerrectorias.utp.edu.co\/academica\/wp-json\/wp\/v2\/posts"}],"about":[{"href":"https:\/\/vicerrectorias.utp.edu.co\/academica\/wp-json\/wp\/v2\/types\/post"}],"author":[{"embeddable":true,"href":"https:\/\/vicerrectorias.utp.edu.co\/academica\/wp-json\/wp\/v2\/users\/1"}],"replies":[{"embeddable":true,"href":"https:\/\/vicerrectorias.utp.edu.co\/academica\/wp-json\/wp\/v2\/comments?post=301"}],"version-history":[{"count":33,"href":"https:\/\/vicerrectorias.utp.edu.co\/academica\/wp-json\/wp\/v2\/posts\/301\/revisions"}],"predecessor-version":[{"id":1555,"href":"https:\/\/vicerrectorias.utp.edu.co\/academica\/wp-json\/wp\/v2\/posts\/301\/revisions\/1555"}],"wp:attachment":[{"href":"https:\/\/vicerrectorias.utp.edu.co\/academica\/wp-json\/wp\/v2\/media?parent=301"}],"wp:term":[{"taxonomy":"category","embeddable":true,"href":"https:\/\/vicerrectorias.utp.edu.co\/academica\/wp-json\/wp\/v2\/categories?post=301"},{"taxonomy":"post_tag","embeddable":true,"href":"https:\/\/vicerrectorias.utp.edu.co\/academica\/wp-json\/wp\/v2\/tags?post=301"}],"curies":[{"name":"wp","href":"https:\/\/api.w.org\/{rel}","templated":true}]}}